{"id":298349,"date":"2016-11-14T00:10:57","date_gmt":"2016-11-14T06:10:57","guid":{"rendered":"http:\/\/www.diarioimagen.net\/?p=298349"},"modified":"2016-11-14T04:06:20","modified_gmt":"2016-11-14T10:06:20","slug":"invita-isis-avila-a-participar-en-bazar-navideno","status":"publish","type":"post","link":"https:\/\/www.diarioimagen.net\/?p=298349","title":{"rendered":"Invita Isis \u00c1vila a participar en Bazar Navide\u00f1o"},"content":{"rendered":"<ul>\n<li><strong><em>En beneficio de ni\u00f1os con discapacidad<\/em><\/strong><\/li>\n<\/ul>\n<p>&nbsp;<\/p>\n<div id=\"attachment_298495\" style=\"width: 470px\" class=\"wp-caption aligncenter\"><a href=\"http:\/\/www.diarioimagen.net\/?attachment_id=298495\" rel=\"attachment wp-att-298495\"><img loading=\"lazy\" decoding=\"async\" aria-describedby=\"caption-attachment-298495\" class=\"size-large wp-image-298495\" src=\"http:\/\/www.diarioimagen.net\/wp-content\/uploads\/2016\/11\/bazar-2996-460x259.jpg\" alt=\"Isis \u00c1vila Mu\u00f1oz, presidenta honoraria del DIFEM, invita a las familias mexiquenses a visitar el IV Bazar Navide\u00f1o que se realizar\u00e1 el 14 y 15 de noviembre.\" width=\"460\" height=\"259\" srcset=\"https:\/\/www.diarioimagen.net\/wp-content\/uploads\/2016\/11\/bazar-2996-460x259.jpg 460w, https:\/\/www.diarioimagen.net\/wp-content\/uploads\/2016\/11\/bazar-2996-240x135.jpg 240w, https:\/\/www.diarioimagen.net\/wp-content\/uploads\/2016\/11\/bazar-2996-235x132.jpg 235w, https:\/\/www.diarioimagen.net\/wp-content\/uploads\/2016\/11\/bazar-2996-202x114.jpg 202w, https:\/\/www.diarioimagen.net\/wp-content\/uploads\/2016\/11\/bazar-2996-350x196.jpg 350w, https:\/\/www.diarioimagen.net\/wp-content\/uploads\/2016\/11\/bazar-2996-220x123.jpg 220w, https:\/\/www.diarioimagen.net\/wp-content\/uploads\/2016\/11\/bazar-2996-237x132.jpg 237w, https:\/\/www.diarioimagen.net\/wp-content\/uploads\/2016\/11\/bazar-2996.jpg 480w\" sizes=\"auto, (max-width: 460px) 100vw, 460px\" \/><\/a><p id=\"caption-attachment-298495\" class=\"wp-caption-text\">Isis \u00c1vila Mu\u00f1oz, presidenta honoraria del DIFEM, invita a las familias mexiquenses a visitar el IV Bazar Navide\u00f1o que se realizar\u00e1 el 14 y 15 de noviembre.<\/p><\/div>\n<p>&nbsp;<\/p>\n<p><strong>Toluca, Estado de M\u00e9xico<\/strong>.- Con el prop\u00f3sito de adquirir medicamentos y materiales para el funcionamiento de la Unidad de Rehabilitaci\u00f3n, la cual en breve se pondr\u00e1 en marcha al interior del Centro de Asistencia Social Temporal de Rehabilitaci\u00f3n Infantil, Isis \u00c1vila Mu\u00f1oz, presidenta honoraria del DIF Estado de M\u00e9xico, invita a las familias a adquirir sus productos y obsequios de esta temporada decembrina en el IV Bazar Navide\u00f1o que se realizar\u00e1 el 14 y 15 de este mes en la explanada de las oficinas centrales del organismo.<\/p>\n<p>La titular del DIFEM precis\u00f3 que el bazar Compras con Causa, constar\u00e1 de 46 stands para que el p\u00fablico en general adquiera art\u00edculos navide\u00f1os, artesan\u00edas, dulces, ropa, joyer\u00eda y juguetes en la explanada de las oficinas centrales ubicadas en Paseo Col\u00f3n y Tollocan s\/n, colonia Isidro Fabela, en Toluca, en un horario de 10:00 a 17:00 horas. \u201cSabemos que las familias son generosas cuando se trata de ayudar a ni\u00f1as y ni\u00f1os en desamparo; en este caso, los peque\u00f1os que requieren terapias y medicamentos podr\u00e1n avanzar en sus procesos terap\u00e9uticos y tener una mejor calidad de vida e independencia, en la medida de lo posible en cada caso particular\u201d, subray\u00f3.<\/p>\n<p>Refiri\u00f3 que se esperan ventas por arriba de los 600 mil pesos, cantidad de la que se destinar\u00eda 10 por ciento para el prop\u00f3sito se\u00f1alado, y al mismo tiempo las familias que acudan podr\u00e1n anticipar sus compras navide\u00f1as con la confianza de que \u00e9stas servir\u00e1n para el noble prop\u00f3sito de ayudar a quien m\u00e1s lo necesita, a trav\u00e9s del DIF mexiquense.<\/p>\n<p>&nbsp;<\/p>\n","protected":false},"excerpt":{"rendered":"<p>Con el prop\u00f3sito de adquirir medicamentos y materiales para el funcionamiento de la Unidad de Rehabilitaci\u00f3n, la cual en breve se pondr\u00e1 en marcha al interior del Centro de Asistencia Social Temporal de Rehabilitaci\u00f3n Infantil, Isis \u00c1vila Mu\u00f1oz, presidenta honoraria del DIF Estado de M\u00e9xico, invita a las familias a adquirir sus productos y obsequios de esta temporada decembrina en el IV Bazar Navide\u00f1o que se realizar\u00e1 el 14 y 15 de este mes en la explanada de las oficinas centrales del organismo.<\/p>\n","protected":false},"author":3,"featured_media":298495,"comment_status":"open","ping_status":"open","sticky":false,"template":"","format":"standard","meta":{"_monsterinsights_skip_tracking":false,"_monsterinsights_sitenote_active":false,"_monsterinsights_sitenote_note":"","_monsterinsights_sitenote_category":0,"footnotes":""},"categories":[5],"tags":[43675,28207,105,452],"class_list":["post-298349","post","type-post","status-publish","format-standard","has-post-thumbnail","hentry","category-estado-de-mexico","tag-estado-de-mexico","tag-isis-avila-munoz","tag-navidad","tag-toluca"],"_links":{"self":[{"href":"https:\/\/www.diarioimagen.net\/index.php?rest_route=\/wp\/v2\/posts\/298349","targetHints":{"allow":["GET"]}}],"collection":[{"href":"https:\/\/www.diarioimagen.net\/index.php?rest_route=\/wp\/v2\/posts"}],"about":[{"href":"https:\/\/www.diarioimagen.net\/index.php?rest_route=\/wp\/v2\/types\/post"}],"author":[{"embeddable":true,"href":"https:\/\/www.diarioimagen.net\/index.php?rest_route=\/wp\/v2\/users\/3"}],"replies":[{"embeddable":true,"href":"https:\/\/www.diarioimagen.net\/index.php?rest_route=%2Fwp%2Fv2%2Fcomments&post=298349"}],"version-history":[{"count":0,"href":"https:\/\/www.diarioimagen.net\/index.php?rest_route=\/wp\/v2\/posts\/298349\/revisions"}],"wp:featuredmedia":[{"embeddable":true,"href":"https:\/\/www.diarioimagen.net\/index.php?rest_route=\/wp\/v2\/media\/298495"}],"wp:attachment":[{"href":"https:\/\/www.diarioimagen.net\/index.php?rest_route=%2Fwp%2Fv2%2Fmedia&parent=298349"}],"wp:term":[{"taxonomy":"category","embeddable":true,"href":"https:\/\/www.diarioimagen.net\/index.php?rest_route=%2Fwp%2Fv2%2Fcategories&post=298349"},{"taxonomy":"post_tag","embeddable":true,"href":"https:\/\/www.diarioimagen.net\/index.php?rest_route=%2Fwp%2Fv2%2Ftags&post=298349"}],"curies":[{"name":"wp","href":"https:\/\/api.w.org\/{rel}","templated":true}]}}