{"id":298392,"date":"2016-11-14T00:07:40","date_gmt":"2016-11-14T06:07:40","guid":{"rendered":"http:\/\/www.diarioimagen.net\/?p=298392"},"modified":"2016-11-14T04:07:30","modified_gmt":"2016-11-14T10:07:30","slug":"imparte-mario-guerra-conferencia-en-naucalpan-todos-somos-familia","status":"publish","type":"post","link":"https:\/\/www.diarioimagen.net\/?p=298392","title":{"rendered":"Imparte Mario Guerra conferencia en Naucalpan \u201cTodos somos familia\u201d"},"content":{"rendered":"<ul>\n<li><strong><em>Isis \u00c1vila agradeci\u00f3 la presencia de asistentes<\/em><\/strong><\/li>\n<\/ul>\n<p>&nbsp;<\/p>\n<div id=\"attachment_298498\" style=\"width: 470px\" class=\"wp-caption aligncenter\"><a href=\"http:\/\/www.diarioimagen.net\/?attachment_id=298498\" rel=\"attachment wp-att-298498\"><img loading=\"lazy\" decoding=\"async\" aria-describedby=\"caption-attachment-298498\" class=\"size-large wp-image-298498\" src=\"http:\/\/www.diarioimagen.net\/wp-content\/uploads\/2016\/11\/NAUCALPAN-2996-460x259.jpg\" alt=\"El psicoterapeuta Mario Guerra imparti\u00f3 su conferencia \u201cTodos somos familia\u201d. Isis \u00c1vila, presidenta del DIFEM, agradeci\u00f3 la presencia de vecinos.\" width=\"460\" height=\"259\" srcset=\"https:\/\/www.diarioimagen.net\/wp-content\/uploads\/2016\/11\/NAUCALPAN-2996-460x259.jpg 460w, https:\/\/www.diarioimagen.net\/wp-content\/uploads\/2016\/11\/NAUCALPAN-2996-240x135.jpg 240w, https:\/\/www.diarioimagen.net\/wp-content\/uploads\/2016\/11\/NAUCALPAN-2996-235x132.jpg 235w, https:\/\/www.diarioimagen.net\/wp-content\/uploads\/2016\/11\/NAUCALPAN-2996-202x114.jpg 202w, https:\/\/www.diarioimagen.net\/wp-content\/uploads\/2016\/11\/NAUCALPAN-2996-350x196.jpg 350w, https:\/\/www.diarioimagen.net\/wp-content\/uploads\/2016\/11\/NAUCALPAN-2996-220x123.jpg 220w, https:\/\/www.diarioimagen.net\/wp-content\/uploads\/2016\/11\/NAUCALPAN-2996-237x132.jpg 237w, https:\/\/www.diarioimagen.net\/wp-content\/uploads\/2016\/11\/NAUCALPAN-2996.jpg 480w\" sizes=\"auto, (max-width: 460px) 100vw, 460px\" \/><\/a><p id=\"caption-attachment-298498\" class=\"wp-caption-text\">El psicoterapeuta Mario Guerra imparti\u00f3 su conferencia \u201cTodos somos familia\u201d. Isis \u00c1vila, presidenta del DIFEM, agradeci\u00f3 la presencia de vecinos.<\/p><\/div>\n<p>&nbsp;<\/p>\n<p><strong>Naucalpan, Estado de M\u00e9xico<\/strong>.- La familia es la base fundamental de la sociedad y por ello es prioridad trabajar para que se mantenga sana y unida bajo el sentido de pertenencia, dijo el psicoterapeuta, Mario Guerra, al impartir su conferencia \u201cTodos somos familia\u201d, a vecinos de Naucalpan.<\/p>\n<p>En este marco, la presidenta del Sistema para el Desarrollo Integral de la Familia Estado de M\u00e9xico (DIFEM), Isis \u00c1vila Mu\u00f1oz, agradeci\u00f3 la presencia y participaci\u00f3n de aproximadamente 250 asistentes, al tiempo que reconoci\u00f3 la trayectoria internacional del psicoterapeuta.<\/p>\n<p>En presencia de la titular del Sistema Municipal DIF Naucalpan, Liliana de Olvera, el ponente indic\u00f3, que la integraci\u00f3n familiar genera un n\u00facleo de seguridad y confianza para todos sus miembros.<\/p>\n<p>\u201cDonde se da el fen\u00f3meno de desconfianza y mentiras entre alguno de sus integrantes se rompe el esquema y se crea un ambiente de inseguridad en todo el n\u00facleo familiar\u201d, dijo el terapeuta, al exhortar a los asistentes a fortalecer los v\u00ednculos para evitar el rompimiento de dicha estructura social.<\/p>\n<p>Al respecto la presidenta del Sistema Municipal DIF Naucalpan, Liliana de Olvera, agradeci\u00f3 al DIFEM, a trav\u00e9s de su titular, Isis \u00c1vila, que comparta este tipo de\u00a0 conferencias con los naucalpenses, \u201cporque resulta enriquecedor conocer conceptos de unidad familiar y su preservaci\u00f3n bajo principios y valores\u201d.<\/p>\n<p>Destac\u00f3 que las familias hoy en d\u00eda viven situaciones que\u00a0 provocan disfuncionalidad, pero tambi\u00e9n hay familias ejemplares que resultan un modelo a seguir por su capacidad de integraci\u00f3n, principios y colaboraci\u00f3n de cada uno de sus integrantes.<\/p>\n<p>\u201cEn la actualidad el traer temas como el de la familia, resulta alentador porque nos ayuda a seguir el camino por el cual debemos llevar a cada uno de sus miembros, para lograr familias bien integradas\u201d, dijo Liliana de Olvera.<\/p>\n<p>A esta conferencia, realizada en la Casa de Cultura del Parque Naucalli,\u00a0 asistieron alrededor de 250 personas, de los Clubes de Apam y\u00a0 practicantes de zumba del Naucalli.<\/p>\n<p>&nbsp;<\/p>\n","protected":false},"excerpt":{"rendered":"<p>La familia es la base fundamental de la sociedad y por ello es prioridad trabajar para que se mantenga sana y unida bajo el sentido de pertenencia, dijo el psicoterapeuta, Mario Guerra, al impartir su conferencia \u201cTodos somos familia\u201d, a vecinos de Naucalpan.<\/p>\n","protected":false},"author":3,"featured_media":298498,"comment_status":"open","ping_status":"open","sticky":false,"template":"","format":"standard","meta":{"_monsterinsights_skip_tracking":false,"_monsterinsights_sitenote_active":false,"_monsterinsights_sitenote_note":"","_monsterinsights_sitenote_category":0,"footnotes":""},"categories":[35155],"tags":[22721,394,43675,28207,970],"class_list":["post-298392","post","type-post","status-publish","format-standard","has-post-thumbnail","hentry","category-estado-de-mexico-estado-de-mexico","tag-ciencia","tag-difem","tag-estado-de-mexico","tag-isis-avila-munoz","tag-naucalpan"],"_links":{"self":[{"href":"https:\/\/www.diarioimagen.net\/index.php?rest_route=\/wp\/v2\/posts\/298392","targetHints":{"allow":["GET"]}}],"collection":[{"href":"https:\/\/www.diarioimagen.net\/index.php?rest_route=\/wp\/v2\/posts"}],"about":[{"href":"https:\/\/www.diarioimagen.net\/index.php?rest_route=\/wp\/v2\/types\/post"}],"author":[{"embeddable":true,"href":"https:\/\/www.diarioimagen.net\/index.php?rest_route=\/wp\/v2\/users\/3"}],"replies":[{"embeddable":true,"href":"https:\/\/www.diarioimagen.net\/index.php?rest_route=%2Fwp%2Fv2%2Fcomments&post=298392"}],"version-history":[{"count":0,"href":"https:\/\/www.diarioimagen.net\/index.php?rest_route=\/wp\/v2\/posts\/298392\/revisions"}],"wp:featuredmedia":[{"embeddable":true,"href":"https:\/\/www.diarioimagen.net\/index.php?rest_route=\/wp\/v2\/media\/298498"}],"wp:attachment":[{"href":"https:\/\/www.diarioimagen.net\/index.php?rest_route=%2Fwp%2Fv2%2Fmedia&parent=298392"}],"wp:term":[{"taxonomy":"category","embeddable":true,"href":"https:\/\/www.diarioimagen.net\/index.php?rest_route=%2Fwp%2Fv2%2Fcategories&post=298392"},{"taxonomy":"post_tag","embeddable":true,"href":"https:\/\/www.diarioimagen.net\/index.php?rest_route=%2Fwp%2Fv2%2Ftags&post=298392"}],"curies":[{"name":"wp","href":"https:\/\/api.w.org\/{rel}","templated":true}]}}