{"id":298414,"date":"2016-11-14T00:05:53","date_gmt":"2016-11-14T06:05:53","guid":{"rendered":"http:\/\/www.diarioimagen.net\/?p=298414"},"modified":"2016-11-14T04:21:43","modified_gmt":"2016-11-14T10:21:43","slug":"trabaja-metepec-para-garantizar-un-crecimiento-urbano-ordenado","status":"publish","type":"post","link":"https:\/\/www.diarioimagen.net\/?p=298414","title":{"rendered":"Trabaja Metepec para garantizar un crecimiento urbano ordenado"},"content":{"rendered":"<ul>\n<li><strong><em>Mantendr\u00e1n vigilancia especial<\/em><\/strong><\/li>\n<\/ul>\n<p>&nbsp;<\/p>\n<div id=\"attachment_298509\" style=\"width: 470px\" class=\"wp-caption aligncenter\"><a href=\"http:\/\/www.diarioimagen.net\/?attachment_id=298509\" rel=\"attachment wp-att-298509\"><img loading=\"lazy\" decoding=\"async\" aria-describedby=\"caption-attachment-298509\" class=\"size-large wp-image-298509\" src=\"http:\/\/www.diarioimagen.net\/wp-content\/uploads\/2016\/11\/METEPEC-2996-460x259.jpg\" alt=\"El director de Desarrollo Urbano y Metropolitano, H\u00e9ctor Jaime S\u00e1nchez Garc\u00eda, resalt\u00f3 que en la demarcaci\u00f3n se aplican pol\u00edticas p\u00fablicas con alto sentido social y planeaci\u00f3n.\" width=\"460\" height=\"259\" srcset=\"https:\/\/www.diarioimagen.net\/wp-content\/uploads\/2016\/11\/METEPEC-2996-460x259.jpg 460w, https:\/\/www.diarioimagen.net\/wp-content\/uploads\/2016\/11\/METEPEC-2996-240x135.jpg 240w, https:\/\/www.diarioimagen.net\/wp-content\/uploads\/2016\/11\/METEPEC-2996-235x132.jpg 235w, https:\/\/www.diarioimagen.net\/wp-content\/uploads\/2016\/11\/METEPEC-2996-202x114.jpg 202w, https:\/\/www.diarioimagen.net\/wp-content\/uploads\/2016\/11\/METEPEC-2996-350x196.jpg 350w, https:\/\/www.diarioimagen.net\/wp-content\/uploads\/2016\/11\/METEPEC-2996-220x123.jpg 220w, https:\/\/www.diarioimagen.net\/wp-content\/uploads\/2016\/11\/METEPEC-2996-237x132.jpg 237w, https:\/\/www.diarioimagen.net\/wp-content\/uploads\/2016\/11\/METEPEC-2996.jpg 480w\" sizes=\"auto, (max-width: 460px) 100vw, 460px\" \/><\/a><p id=\"caption-attachment-298509\" class=\"wp-caption-text\">El director de Desarrollo Urbano y Metropolitano, H\u00e9ctor Jaime S\u00e1nchez Garc\u00eda, resalt\u00f3 que en la demarcaci\u00f3n se aplican pol\u00edticas p\u00fablicas con alto sentido social y planeaci\u00f3n.<\/p><\/div>\n<p>&nbsp;<\/p>\n<p><strong>Metepec, Estado de M\u00e9xico<\/strong>.- \u00a0El gobierno local\u00a0 mantendr\u00e1 vigilancia especial y emprender\u00e1 acciones para hacer cumplir el Plan de Desarrollo Urbano, a fin de evitar el crecimiento desordenado y con ello, garantizar la prestaci\u00f3n de servicios eficientes en el mediano y largo plazos.<\/p>\n<p>Durante la instalaci\u00f3n del Comit\u00e9 Municipal de Prevenci\u00f3n y Control del Crecimiento Urbano, el delegado del Instituto Mexiquense de la Vivienda Social (IMEVIS), Jos\u00e9 Eduardo Flores Mar\u00edn, resalt\u00f3 que es una ocupaci\u00f3n permanente del gobierno del Estado de M\u00e9xico, evitar el crecimiento an\u00e1rquico de la mancha urbana en diversos puntos de la entidad, por lo que reconoci\u00f3 las acciones que ha tomado el ayuntamiento de Metepec por contribuir en esta tarea de alta responsabilidad y esfuerzo importante.<\/p>\n<p>Tras tomar la protesta de ley a los integrantes del Comit\u00e9 municipal, el funcionario estatal mencion\u00f3 que los trabajos redundar\u00e1n en la conservaci\u00f3n de espacios de recreaci\u00f3n, de \u00e1reas para el campo y las actividades agr\u00edcolas, la protecci\u00f3n de zonas verdes y desde luego en la definici\u00f3n de per\u00edmetros de construcci\u00f3n de viviendas; todo, dijo, \u201cpermitir\u00e1 la prestaci\u00f3n de servicios p\u00fablicos de calidad y suficientes en el futuro inmediato, tal y como actualmente lo ofrece el gobierno de Metepec a la ciudadan\u00eda\u201d.<\/p>\n<p>&nbsp;<\/p>\n","protected":false},"excerpt":{"rendered":"<p>El gobierno local  mantendr\u00e1 vigilancia especial y emprender\u00e1 acciones para hacer cumplir el Plan de Desarrollo Urbano, a fin de evitar el crecimiento desordenado y con ello, garantizar la prestaci\u00f3n de servicios eficientes en el mediano y largo plazos.<\/p>\n","protected":false},"author":3,"featured_media":298509,"comment_status":"open","ping_status":"open","sticky":false,"template":"","format":"standard","meta":{"_monsterinsights_skip_tracking":false,"_monsterinsights_sitenote_active":false,"_monsterinsights_sitenote_note":"","_monsterinsights_sitenote_category":0,"footnotes":""},"categories":[35155],"tags":[2021,43675,3255,876],"class_list":["post-298414","post","type-post","status-publish","format-standard","has-post-thumbnail","hentry","category-estado-de-mexico-estado-de-mexico","tag-crecimiento","tag-estado-de-mexico","tag-instituto-mexiquense-de-la-vivienda-social","tag-metepec"],"_links":{"self":[{"href":"https:\/\/www.diarioimagen.net\/index.php?rest_route=\/wp\/v2\/posts\/298414","targetHints":{"allow":["GET"]}}],"collection":[{"href":"https:\/\/www.diarioimagen.net\/index.php?rest_route=\/wp\/v2\/posts"}],"about":[{"href":"https:\/\/www.diarioimagen.net\/index.php?rest_route=\/wp\/v2\/types\/post"}],"author":[{"embeddable":true,"href":"https:\/\/www.diarioimagen.net\/index.php?rest_route=\/wp\/v2\/users\/3"}],"replies":[{"embeddable":true,"href":"https:\/\/www.diarioimagen.net\/index.php?rest_route=%2Fwp%2Fv2%2Fcomments&post=298414"}],"version-history":[{"count":0,"href":"https:\/\/www.diarioimagen.net\/index.php?rest_route=\/wp\/v2\/posts\/298414\/revisions"}],"wp:featuredmedia":[{"embeddable":true,"href":"https:\/\/www.diarioimagen.net\/index.php?rest_route=\/wp\/v2\/media\/298509"}],"wp:attachment":[{"href":"https:\/\/www.diarioimagen.net\/index.php?rest_route=%2Fwp%2Fv2%2Fmedia&parent=298414"}],"wp:term":[{"taxonomy":"category","embeddable":true,"href":"https:\/\/www.diarioimagen.net\/index.php?rest_route=%2Fwp%2Fv2%2Fcategories&post=298414"},{"taxonomy":"post_tag","embeddable":true,"href":"https:\/\/www.diarioimagen.net\/index.php?rest_route=%2Fwp%2Fv2%2Ftags&post=298414"}],"curies":[{"name":"wp","href":"https:\/\/api.w.org\/{rel}","templated":true}]}}