{"id":298538,"date":"2016-11-15T00:05:20","date_gmt":"2016-11-15T06:05:20","guid":{"rendered":"http:\/\/www.diarioimagen.net\/?p=298538"},"modified":"2016-11-15T22:48:17","modified_gmt":"2016-11-16T04:48:17","slug":"en-edomex-se-atiende-combate-y-previene-la-diabetes-con-otorgamiento-de-consultas-y-medicamentes-asi-como-con-infraestructura-medica-eruviel-avila","status":"publish","type":"post","link":"https:\/\/www.diarioimagen.net\/?p=298538","title":{"rendered":"Atenci\u00f3n de calidad a mexiquenses que padecen diabetes"},"content":{"rendered":"<h2>Arco Norte<\/h2>\n<h5>Jos\u00e9 Luis Monta\u00f1ez Aguilar<\/h5>\n<p>&nbsp;<\/p>\n<p><a href=\"http:\/\/www.diarioimagen.net\/?attachment_id=298539\" rel=\"attachment wp-att-298539\"><img loading=\"lazy\" decoding=\"async\" class=\"aligncenter size-large wp-image-298539\" src=\"http:\/\/www.diarioimagen.net\/wp-content\/uploads\/2016\/11\/eruviel-2997-460x259.jpg\" alt=\"eruviel-2997\" width=\"460\" height=\"259\" srcset=\"https:\/\/www.diarioimagen.net\/wp-content\/uploads\/2016\/11\/eruviel-2997-460x259.jpg 460w, https:\/\/www.diarioimagen.net\/wp-content\/uploads\/2016\/11\/eruviel-2997-240x135.jpg 240w, https:\/\/www.diarioimagen.net\/wp-content\/uploads\/2016\/11\/eruviel-2997-235x132.jpg 235w, https:\/\/www.diarioimagen.net\/wp-content\/uploads\/2016\/11\/eruviel-2997-202x114.jpg 202w, https:\/\/www.diarioimagen.net\/wp-content\/uploads\/2016\/11\/eruviel-2997-350x196.jpg 350w, https:\/\/www.diarioimagen.net\/wp-content\/uploads\/2016\/11\/eruviel-2997-220x123.jpg 220w, https:\/\/www.diarioimagen.net\/wp-content\/uploads\/2016\/11\/eruviel-2997-237x132.jpg 237w, https:\/\/www.diarioimagen.net\/wp-content\/uploads\/2016\/11\/eruviel-2997.jpg 480w\" sizes=\"auto, (max-width: 460px) 100vw, 460px\" \/><\/a><\/p>\n<p>&nbsp;<\/p>\n<p><strong>Toluca, Estado de M\u00e9xico.- <\/strong>En el marco del D\u00eda Mundial de la Diabetes, el gobernador Eruviel \u00c1vila Villegas indic\u00f3 que en la entidad se trabaja para prevenir que los mexiquenses padezcan esta enfermedad, as\u00ed como para brindarles una atenci\u00f3n adecuada y de calidad a quienes la tienen, por ello durante la actual administraci\u00f3n estatal se han otorgado m\u00e1s de 30 millones de medicamentos para atender a personas con diabetes, adem\u00e1s de m\u00e1s de 20 millones de consultas en cl\u00ednicas y hospitales del sector salud.<\/p>\n<p>En Toluca, en la entrega de equipamiento tecnol\u00f3gico avanzado para 67 Salas de Oralidad Penal, Eruviel \u00c1vila destac\u00f3 que tambi\u00e9n se han puesto en operaci\u00f3n 22 Centros de Atenci\u00f3n al Diab\u00e9tico, donde se brindan servicios especializados al contar con nutri\u00f3logos, psic\u00f3logos y m\u00e9dicos internistas; adem\u00e1s de 13 Unidades de Hemodi\u00e1lisis donde la atenci\u00f3n m\u00e9dica es gratuita.<\/p>\n<p>Aunado a ello, dijo, se tiene seguimiento, control y diagn\u00f3stico de m\u00e1s de 500 mil pacientes con esta enfermedad; se lanz\u00f3 una cruzada estatal para combatir la diabetes a trav\u00e9s de prevenir el sobrepeso y la obesidad, principalmente en el sector infantil, en el cual se han entregado m\u00e1s de 3 millones y medio de libros donde los peque\u00f1os acceden a informaci\u00f3n para evitar estos padecimientos.<\/p>\n<p style=\"text-align: center;\"><strong>Se coordinan estrategias para mantener paz y tranquilidad social: Manzur<\/strong><\/p>\n<p>Para fortalecer las condiciones que permitan mejorar la seguridad en el Estado de M\u00e9xico y el pa\u00eds, reafirmar los valores en la sociedad y fomentar el di\u00e1logo de todos los sectores sociales, Jos\u00e9 Manzur, secretario general de Gobierno, encabez\u00f3 un encuentro entre autoridades federales y estatales, as\u00ed como l\u00edderes religiosos de diversas denominaciones que cuentan con registro, les ratific\u00f3 la disposici\u00f3n de la actual administraci\u00f3n para trabajar en la creaci\u00f3n de estrategias para mantener la paz y tranquilidad social<\/p>\n<p>Agreg\u00f3 que se requiere impulsar acciones puntuales e innovadoras que partan de la reconfiguraci\u00f3n de las instituciones con el establecimiento de una base de valores firmes e incorruptibles. Por su parte, Juan Salgado, director general adjunto Zona Centro de delegaciones federales de la Secretar\u00eda de Gobernaci\u00f3n (Segob) coincidi\u00f3 en que la gobernabilidad s\u00f3lo puede entenderse cuando hay estabilidad y paz social, lo que se logra atendiendo y escuchando a la gente, y manteniendo una estrecha coordinaci\u00f3n entre los tres \u00f3rdenes de gobierno.<\/p>\n<p>Adem\u00e1s, los representantes de las diferentes expresiones religiosas hablaron de su aportaci\u00f3n con un sentido de compromiso social y espiritual para que en las comunidades y municipios haya paz y unidad, para enfrentar los retos y desaf\u00edos de un porvenir con mayor seguridad.<\/p>\n<p><em><a href=\"mailto:montanezaguilar@gmail.com\" target=\"_blank\">montanezaguilar@gmail.com<\/a><\/em><\/p>\n","protected":false},"excerpt":{"rendered":"<p><span style=\"color: #005497;\">Jos\u00e9 Luis Monta\u00f1ez Aguilar<\/span><br \/>\n<br \/>\nEn el marco del D\u00eda Mundial de la Diabetes, el gobernador Eruviel \u00c1vila Villegas indic\u00f3 que en la entidad se trabaja para prevenir que los mexiquenses padezcan esta enfermedad, as\u00ed como para brindarles una atenci\u00f3n adecuada y de calidad a quienes la tienen, por ello durante la actual administraci\u00f3n estatal se han otorgado m\u00e1s de 30 millones de medicamentos para atender a personas con diabetes, adem\u00e1s de m\u00e1s de 20 millones de consultas en cl\u00ednicas y hospitales del sector salud.<\/p>\n","protected":false},"author":1,"featured_media":298539,"comment_status":"open","ping_status":"open","sticky":false,"template":"","format":"standard","meta":{"_monsterinsights_skip_tracking":false,"_monsterinsights_sitenote_active":false,"_monsterinsights_sitenote_note":"","_monsterinsights_sitenote_category":0,"footnotes":""},"categories":[18863],"tags":[13284,5828,43675,43704,43674],"class_list":["post-298538","post","type-post","status-publish","format-standard","has-post-thumbnail","hentry","category-salud-edomex","tag-arco-norte","tag-eruviel-avila-villegas","tag-estado-de-mexico","tag-jose-luis-montanez-aguilar","tag-opinion"],"_links":{"self":[{"href":"https:\/\/www.diarioimagen.net\/index.php?rest_route=\/wp\/v2\/posts\/298538","targetHints":{"allow":["GET"]}}],"collection":[{"href":"https:\/\/www.diarioimagen.net\/index.php?rest_route=\/wp\/v2\/posts"}],"about":[{"href":"https:\/\/www.diarioimagen.net\/index.php?rest_route=\/wp\/v2\/types\/post"}],"author":[{"embeddable":true,"href":"https:\/\/www.diarioimagen.net\/index.php?rest_route=\/wp\/v2\/users\/1"}],"replies":[{"embeddable":true,"href":"https:\/\/www.diarioimagen.net\/index.php?rest_route=%2Fwp%2Fv2%2Fcomments&post=298538"}],"version-history":[{"count":0,"href":"https:\/\/www.diarioimagen.net\/index.php?rest_route=\/wp\/v2\/posts\/298538\/revisions"}],"wp:featuredmedia":[{"embeddable":true,"href":"https:\/\/www.diarioimagen.net\/index.php?rest_route=\/wp\/v2\/media\/298539"}],"wp:attachment":[{"href":"https:\/\/www.diarioimagen.net\/index.php?rest_route=%2Fwp%2Fv2%2Fmedia&parent=298538"}],"wp:term":[{"taxonomy":"category","embeddable":true,"href":"https:\/\/www.diarioimagen.net\/index.php?rest_route=%2Fwp%2Fv2%2Fcategories&post=298538"},{"taxonomy":"post_tag","embeddable":true,"href":"https:\/\/www.diarioimagen.net\/index.php?rest_route=%2Fwp%2Fv2%2Ftags&post=298538"}],"curies":[{"name":"wp","href":"https:\/\/api.w.org\/{rel}","templated":true}]}}