{"id":298566,"date":"2016-11-15T00:09:54","date_gmt":"2016-11-15T06:09:54","guid":{"rendered":"http:\/\/www.diarioimagen.net\/?p=298566"},"modified":"2016-11-15T04:48:40","modified_gmt":"2016-11-15T10:48:40","slug":"mas-de-2-mil-800-detenidos-con-el-plan-tres-eruviel-avila","status":"publish","type":"post","link":"https:\/\/www.diarioimagen.net\/?p=298566","title":{"rendered":"M\u00e1s de 2 mil 800 detenidos con el Plan Tres: \u00c1vila"},"content":{"rendered":"<ul>\n<li><strong><em>Resultados de enero a la fecha<\/em><\/strong><\/li>\n<\/ul>\n<p>&nbsp;<\/p>\n<div id=\"attachment_298689\" style=\"width: 470px\" class=\"wp-caption aligncenter\"><a href=\"http:\/\/www.diarioimagen.net\/?attachment_id=298689\" rel=\"attachment wp-att-298689\"><img loading=\"lazy\" decoding=\"async\" aria-describedby=\"caption-attachment-298689\" class=\"size-large wp-image-298689\" src=\"http:\/\/www.diarioimagen.net\/wp-content\/uploads\/2016\/11\/eruviel-2997-1-460x259.jpg\" alt=\"Eruviel \u00c1vila - Entregando equipamiento a las salas de juicios orales.\" width=\"460\" height=\"259\" srcset=\"https:\/\/www.diarioimagen.net\/wp-content\/uploads\/2016\/11\/eruviel-2997-1-460x259.jpg 460w, https:\/\/www.diarioimagen.net\/wp-content\/uploads\/2016\/11\/eruviel-2997-1-240x135.jpg 240w, https:\/\/www.diarioimagen.net\/wp-content\/uploads\/2016\/11\/eruviel-2997-1-235x132.jpg 235w, https:\/\/www.diarioimagen.net\/wp-content\/uploads\/2016\/11\/eruviel-2997-1-202x114.jpg 202w, https:\/\/www.diarioimagen.net\/wp-content\/uploads\/2016\/11\/eruviel-2997-1-350x196.jpg 350w, https:\/\/www.diarioimagen.net\/wp-content\/uploads\/2016\/11\/eruviel-2997-1-220x123.jpg 220w, https:\/\/www.diarioimagen.net\/wp-content\/uploads\/2016\/11\/eruviel-2997-1-237x132.jpg 237w, https:\/\/www.diarioimagen.net\/wp-content\/uploads\/2016\/11\/eruviel-2997-1.jpg 480w\" sizes=\"auto, (max-width: 460px) 100vw, 460px\" \/><\/a><p id=\"caption-attachment-298689\" class=\"wp-caption-text\">Eruviel \u00c1vila &#8211; Entregando equipamiento a las salas de juicios orales.<\/p><\/div>\n<p>&nbsp;<\/p>\n<p><strong>Toluca, Estado de M\u00e9xico<\/strong>.- El gobernador Eruviel \u00c1vila Villegas inform\u00f3 que resultado del Plan Tres (Transporte Estatal Seguro), de enero a la fecha se ha detenido a m\u00e1s de 2 mil 800 personas, que han sido puestas a disposici\u00f3n de las autoridades correspondientes, y con ello ofrecer a los mexiquenses un servicio de transporte p\u00fablico m\u00e1s seguro.<\/p>\n<p>\u201cDesde aqu\u00ed le digo a la ciudadan\u00eda que usa transporte p\u00fablico, una disculpa, porque yo s\u00e9 que a veces es molesto que pues van con prisa ya al trabajo, a la escuela, y se procede a hacer esta revisi\u00f3n, procuramos hacerla lo m\u00e1s r\u00e1pido posible, pero yo tambi\u00e9n reconozco que es una molestia, pero tambi\u00e9n vean el lado positivo, porque hemos podido identificar, encontrar armas y a posibles delincuentes al interior de estas unidades de transporte p\u00fablico\u201d, se\u00f1al\u00f3.<\/p>\n<p>Eruviel \u00c1vila explic\u00f3 que de las personas que han sido detenidas mil 156 han sido por robo, 738 por delitos contra la salud, 311 por portar armas de fuego y 460 por llevar armas blancas, entre otras causas.<\/p>\n<p>Asimismo, indic\u00f3 que de no realizarse este tipo de operativos los mexiquenses pudieron ser v\u00edctimas de alg\u00fan tipo de delito, por lo que este programa seguir\u00e1 llev\u00e1ndose a cabo para combatir a los delincuentes.<\/p>\n<p>\u201cVamos a seguir, vamos a continuar con este programa, que todav\u00eda tenemos que redoblar el esfuerzo, le agradezco al Ej\u00e9rcito Mexicano, a la Marina, a la Polic\u00eda Federal, al CISEN, a las polic\u00edas municipales, desde luego el gobierno del estado por parte de la Procuradur\u00eda y la Polic\u00eda Estatal, el Poder Judicial, pues en este caso judicializando y sentenciando ejemplarmente a quienes cometen este tipo de delitos\u201d, dijo.<\/p>\n<p>El gobernador mexiquense manifest\u00f3 que se redoblar\u00e1n los esfuerzos en este tipo de operativos, y dio a conocer que tan s\u00f3lo del 4 al 10 de noviembre de este a\u00f1o, se llev\u00f3 a cabo la revisi\u00f3n de m\u00e1s de 23 mil veh\u00edculos y m\u00e1s de 300 mil personas.<\/p>\n","protected":false},"excerpt":{"rendered":"<p>El gobernador Eruviel \u00c1vila Villegas inform\u00f3 que resultado del Plan Tres (Transporte Estatal Seguro), de enero a la fecha se ha detenido a m\u00e1s de 2 mil 800 personas, que han sido puestas a disposici\u00f3n de las autoridades correspondientes, y con ello ofrecer a los mexiquenses un servicio de transporte p\u00fablico m\u00e1s seguro.<\/p>\n","protected":false},"author":3,"featured_media":298689,"comment_status":"open","ping_status":"open","sticky":false,"template":"","format":"standard","meta":{"_monsterinsights_skip_tracking":false,"_monsterinsights_sitenote_active":false,"_monsterinsights_sitenote_note":"","_monsterinsights_sitenote_category":0,"footnotes":""},"categories":[5],"tags":[7905,5828,43675,50455,43677,452],"class_list":["post-298566","post","type-post","status-publish","format-standard","has-post-thumbnail","hentry","category-estado-de-mexico","tag-detenidos","tag-eruviel-avila-villegas","tag-estado-de-mexico","tag-plan-tres","tag-seguridad","tag-toluca"],"_links":{"self":[{"href":"https:\/\/www.diarioimagen.net\/index.php?rest_route=\/wp\/v2\/posts\/298566","targetHints":{"allow":["GET"]}}],"collection":[{"href":"https:\/\/www.diarioimagen.net\/index.php?rest_route=\/wp\/v2\/posts"}],"about":[{"href":"https:\/\/www.diarioimagen.net\/index.php?rest_route=\/wp\/v2\/types\/post"}],"author":[{"embeddable":true,"href":"https:\/\/www.diarioimagen.net\/index.php?rest_route=\/wp\/v2\/users\/3"}],"replies":[{"embeddable":true,"href":"https:\/\/www.diarioimagen.net\/index.php?rest_route=%2Fwp%2Fv2%2Fcomments&post=298566"}],"version-history":[{"count":0,"href":"https:\/\/www.diarioimagen.net\/index.php?rest_route=\/wp\/v2\/posts\/298566\/revisions"}],"wp:featuredmedia":[{"embeddable":true,"href":"https:\/\/www.diarioimagen.net\/index.php?rest_route=\/wp\/v2\/media\/298689"}],"wp:attachment":[{"href":"https:\/\/www.diarioimagen.net\/index.php?rest_route=%2Fwp%2Fv2%2Fmedia&parent=298566"}],"wp:term":[{"taxonomy":"category","embeddable":true,"href":"https:\/\/www.diarioimagen.net\/index.php?rest_route=%2Fwp%2Fv2%2Fcategories&post=298566"},{"taxonomy":"post_tag","embeddable":true,"href":"https:\/\/www.diarioimagen.net\/index.php?rest_route=%2Fwp%2Fv2%2Ftags&post=298566"}],"curies":[{"name":"wp","href":"https:\/\/api.w.org\/{rel}","templated":true}]}}