{"id":298610,"date":"2016-11-15T00:07:49","date_gmt":"2016-11-15T06:07:49","guid":{"rendered":"http:\/\/www.diarioimagen.net\/?p=298610"},"modified":"2016-11-15T04:50:43","modified_gmt":"2016-11-15T10:50:43","slug":"uaem-punta-de-lanza-en-pertinencia-y-cumplimiento-de-su-objetivo-de-servir-a-la-sociedad","status":"publish","type":"post","link":"https:\/\/www.diarioimagen.net\/?p=298610","title":{"rendered":"UAEM, punta de lanza en pertinencia y cumplimiento de su objetivo de servir a la sociedad"},"content":{"rendered":"<p><a href=\"http:\/\/www.diarioimagen.net\/?attachment_id=298708\" rel=\"attachment wp-att-298708\"><img loading=\"lazy\" decoding=\"async\" class=\"aligncenter size-large wp-image-298708\" src=\"http:\/\/www.diarioimagen.net\/wp-content\/uploads\/2016\/11\/UAEM-2997-460x259.jpg\" alt=\"uaem-2997\" width=\"460\" height=\"259\" srcset=\"https:\/\/www.diarioimagen.net\/wp-content\/uploads\/2016\/11\/UAEM-2997-460x259.jpg 460w, https:\/\/www.diarioimagen.net\/wp-content\/uploads\/2016\/11\/UAEM-2997-240x135.jpg 240w, https:\/\/www.diarioimagen.net\/wp-content\/uploads\/2016\/11\/UAEM-2997-235x132.jpg 235w, https:\/\/www.diarioimagen.net\/wp-content\/uploads\/2016\/11\/UAEM-2997-202x114.jpg 202w, https:\/\/www.diarioimagen.net\/wp-content\/uploads\/2016\/11\/UAEM-2997-350x196.jpg 350w, https:\/\/www.diarioimagen.net\/wp-content\/uploads\/2016\/11\/UAEM-2997-220x123.jpg 220w, https:\/\/www.diarioimagen.net\/wp-content\/uploads\/2016\/11\/UAEM-2997-237x132.jpg 237w, https:\/\/www.diarioimagen.net\/wp-content\/uploads\/2016\/11\/UAEM-2997.jpg 480w\" sizes=\"auto, (max-width: 460px) 100vw, 460px\" \/><\/a><\/p>\n<p>&nbsp;<\/p>\n<p>Al establecer lazos de colaboraci\u00f3n con los sectores p\u00fablico, privado y social, la Universidad Aut\u00f3noma del Estado de M\u00e9xico es punta de lanza a nivel nacional, en lo que se refiere a la pertinencia y el cumplimiento de su objetivo de servir a la sociedad, sostuvo el rector Jorge Olvera Garc\u00eda, al encabezar el Segundo Informe Anual de Actividades 2014-2018 del director de la Facultad de Ciencias de la Conducta, Manuel Guti\u00e9rrez Romero.<\/p>\n<p>&nbsp;<\/p>\n","protected":false},"excerpt":{"rendered":"<p>Al establecer lazos de colaboraci\u00f3n con los sectores p\u00fablico, privado y social, la Universidad Aut\u00f3noma del Estado de M\u00e9xico es punta de lanza a nivel nacional, en lo que se refiere a la pertinencia y el cumplimiento de su objetivo de servir a la sociedad, sostuvo el rector Jorge Olvera Garc\u00eda, al encabezar el Segundo Informe Anual de Actividades 2014-2018 del director de la Facultad de Ciencias de la Conducta, Manuel Guti\u00e9rrez Romero.<\/p>\n","protected":false},"author":3,"featured_media":298708,"comment_status":"open","ping_status":"open","sticky":false,"template":"","format":"standard","meta":{"_monsterinsights_skip_tracking":false,"_monsterinsights_sitenote_active":false,"_monsterinsights_sitenote_note":"","_monsterinsights_sitenote_category":0,"footnotes":""},"categories":[35155],"tags":[43675,27015,1491],"class_list":["post-298610","post","type-post","status-publish","format-standard","has-post-thumbnail","hentry","category-estado-de-mexico-estado-de-mexico","tag-estado-de-mexico","tag-jorge-olvera-garcia","tag-uaem"],"_links":{"self":[{"href":"https:\/\/www.diarioimagen.net\/index.php?rest_route=\/wp\/v2\/posts\/298610","targetHints":{"allow":["GET"]}}],"collection":[{"href":"https:\/\/www.diarioimagen.net\/index.php?rest_route=\/wp\/v2\/posts"}],"about":[{"href":"https:\/\/www.diarioimagen.net\/index.php?rest_route=\/wp\/v2\/types\/post"}],"author":[{"embeddable":true,"href":"https:\/\/www.diarioimagen.net\/index.php?rest_route=\/wp\/v2\/users\/3"}],"replies":[{"embeddable":true,"href":"https:\/\/www.diarioimagen.net\/index.php?rest_route=%2Fwp%2Fv2%2Fcomments&post=298610"}],"version-history":[{"count":0,"href":"https:\/\/www.diarioimagen.net\/index.php?rest_route=\/wp\/v2\/posts\/298610\/revisions"}],"wp:featuredmedia":[{"embeddable":true,"href":"https:\/\/www.diarioimagen.net\/index.php?rest_route=\/wp\/v2\/media\/298708"}],"wp:attachment":[{"href":"https:\/\/www.diarioimagen.net\/index.php?rest_route=%2Fwp%2Fv2%2Fmedia&parent=298610"}],"wp:term":[{"taxonomy":"category","embeddable":true,"href":"https:\/\/www.diarioimagen.net\/index.php?rest_route=%2Fwp%2Fv2%2Fcategories&post=298610"},{"taxonomy":"post_tag","embeddable":true,"href":"https:\/\/www.diarioimagen.net\/index.php?rest_route=%2Fwp%2Fv2%2Ftags&post=298610"}],"curies":[{"name":"wp","href":"https:\/\/api.w.org\/{rel}","templated":true}]}}