{"id":298612,"date":"2016-11-15T00:06:51","date_gmt":"2016-11-15T06:06:51","guid":{"rendered":"http:\/\/www.diarioimagen.net\/?p=298612"},"modified":"2016-11-15T04:52:09","modified_gmt":"2016-11-15T10:52:09","slug":"tlalnepantla-y-la-fes-acatlan-firman-convenio-de-colaboracion","status":"publish","type":"post","link":"https:\/\/www.diarioimagen.net\/?p=298612","title":{"rendered":"Tlalnepantla y la FES Acatl\u00e1n firman convenio de colaboraci\u00f3n"},"content":{"rendered":"<ul>\n<li><strong><em>Intercambio mutuo en distintos rubros<\/em><\/strong><\/li>\n<\/ul>\n<p>&nbsp;<\/p>\n<div id=\"attachment_298711\" style=\"width: 470px\" class=\"wp-caption aligncenter\"><a href=\"http:\/\/www.diarioimagen.net\/?attachment_id=298711\" rel=\"attachment wp-att-298711\"><img loading=\"lazy\" decoding=\"async\" aria-describedby=\"caption-attachment-298711\" class=\"size-large wp-image-298711\" src=\"http:\/\/www.diarioimagen.net\/wp-content\/uploads\/2016\/11\/TLALNEPANTLA-2997-460x259.jpg\" alt=\"La alcaldesa, Denisse Ugalde, destac\u00f3 la responsabilidad que el gobierno local tiene al signar este acuerdo con la\u00a0 la Facultad de Estudios Superiores Acatl\u00e1n.\" width=\"460\" height=\"259\" srcset=\"https:\/\/www.diarioimagen.net\/wp-content\/uploads\/2016\/11\/TLALNEPANTLA-2997-460x259.jpg 460w, https:\/\/www.diarioimagen.net\/wp-content\/uploads\/2016\/11\/TLALNEPANTLA-2997-240x135.jpg 240w, https:\/\/www.diarioimagen.net\/wp-content\/uploads\/2016\/11\/TLALNEPANTLA-2997-235x132.jpg 235w, https:\/\/www.diarioimagen.net\/wp-content\/uploads\/2016\/11\/TLALNEPANTLA-2997-202x114.jpg 202w, https:\/\/www.diarioimagen.net\/wp-content\/uploads\/2016\/11\/TLALNEPANTLA-2997-350x196.jpg 350w, https:\/\/www.diarioimagen.net\/wp-content\/uploads\/2016\/11\/TLALNEPANTLA-2997-220x123.jpg 220w, https:\/\/www.diarioimagen.net\/wp-content\/uploads\/2016\/11\/TLALNEPANTLA-2997-237x132.jpg 237w, https:\/\/www.diarioimagen.net\/wp-content\/uploads\/2016\/11\/TLALNEPANTLA-2997.jpg 480w\" sizes=\"auto, (max-width: 460px) 100vw, 460px\" \/><\/a><p id=\"caption-attachment-298711\" class=\"wp-caption-text\">La alcaldesa, Denisse Ugalde, destac\u00f3 la responsabilidad que el gobierno local tiene al signar este acuerdo con la\u00a0 la Facultad de Estudios Superiores Acatl\u00e1n.<\/p><\/div>\n<p>&nbsp;<\/p>\n<p><strong>Tlalnepantla, Estado de M\u00e9xico<\/strong>.- El gobierno municipal y la Facultad de Estudios Superiores Acatl\u00e1n firmaron un convenio de colaboraci\u00f3n, mediante el cual se pretende un intercambio mutuo en distintos rubros, \u201clo que sin duda apoyar\u00e1 en el logro de los 10 ejes rectores que la administraci\u00f3n 2016-2018 contempla en el Plan de Desarrollo\u201d, afirm\u00f3 la alcaldesa Denisse Ugalde Alegr\u00eda.<\/p>\n<p>Ante el director de la FES\u00a0 Acatl\u00e1n, Jos\u00e9 Alejandro Salcedo Aquino, la presidenta municipal destac\u00f3 la responsabilidad que el gobierno local tiene al signar este acuerdo con la instituci\u00f3n educativa m\u00e1s importante, que desde sus inicios ha participado en la construcci\u00f3n del M\u00e9xico moderno.<\/p>\n<p>Resalt\u00f3 que \u00e9ste es un convenio marco, con posibilidad de abrirse hacia un mayor aprovechamiento del enorme potencial de conocimiento, especialidades, proyectos y expresiones culturales con los que cuenta la Facultad.<\/p>\n<p>Al referirse a las autoridades universitarias que asistieron a este evento, Denisse Ugalde les extern\u00f3 su disposici\u00f3n \u201cpara lograr una gran sinergia que nos favorezca mutuamente y que sabemos dejar\u00e1 una huella en la historia de este municipio\u201d.<\/p>\n<p>Enfatiz\u00f3 que las instalaciones municipales estar\u00e1n abiertas para que los estudiantes de la FES Acatl\u00e1n y de toda la UNAM, cuenten con un espacio para su servicio social, pr\u00e1cticas profesionales, visitas de observaci\u00f3n o trabajos de investigaci\u00f3n, y de esta manera contribuir en su formaci\u00f3n profesional.<\/p>\n<p>La alcaldesa reconoci\u00f3 el nivel de esta Facultad, misma que ha formado a profesionales que desde distintas trincheras dan grandes resultados a M\u00e9xico, muestra de ello, dijo, es que muchos servidores p\u00fablicos que hoy forman parte de la administraci\u00f3n municipal son egresados de la FES.<\/p>\n<p>Por su parte, Jos\u00e9 Alejandro Salcedo Aquino,\u00a0apunt\u00f3 que la firma de este convenio \u201ces el inicio de una nueva etapa de grandes\u00a0 proyectos e importantes retos, los cuales, trabajando juntos, lograremos consolidar para el mejoramiento de la sociedad\u201d.<\/p>\n<p>Puntualiz\u00f3 que la colaboraci\u00f3n mutua representa la oportunidad de establecer nuevas metas y compromisos conjuntos, que fortalezcan a ambas entidades en actividades de asesor\u00edas acad\u00e9micas, cient\u00edficas, de capacitaci\u00f3n, investigaci\u00f3n y extensi\u00f3n de la cultura en \u00e1reas de inter\u00e9s com\u00fan.<\/p>\n<p>Destac\u00f3 que actualmente el proyecto que la FES Acatl\u00e1n impulsa es el Centro de Estudios Municipales y Metropolitanos, el cual se constituye como un nodo de transferencia del conocimiento y la investigaci\u00f3n para el servicio de los municipios.<\/p>\n<p>A su vez, Rodrigo Zenteno Gaeta, asesor de la Presidencia Municipal, refiri\u00f3 que este convenio permitir\u00e1 profesionalizar a los servidores p\u00fablicos en diversas materias de \u00edndole \u00a0urbano, desarrollo social y medio ambiente, e incluso para que puedan acceder a las maestr\u00edas y diplomados que esta casa de estudios ofrece.<\/p>\n<p>De igual forma se contempla que tanto los espacios culturales municipales como los universitarios, se puedan aprovechar mutuamente.<\/p>\n<p>En este evento realizado en el Sal\u00f3n del Pueblo del Palacio Municipal, tambi\u00e9n estuvieron presentes Dar\u00edo Rivera Vargas, secretario general de la FES Acatl\u00e1n; V\u00edctor Hugo\u00a0 Casta\u00f1eda, secretario de Extensi\u00f3n Universitaria; Carlos Humberto Gadsden, coordinador del Centro de Estudios Municipales y Metropolitanos; as\u00ed como integrantes del Cuerpo Edilicio y funcionarios del gobierno local.<\/p>\n<p>&nbsp;<\/p>\n","protected":false},"excerpt":{"rendered":"<p>El gobierno municipal y la Facultad de Estudios Superiores Acatl\u00e1n firmaron un convenio de colaboraci\u00f3n, mediante el cual se pretende un intercambio mutuo en distintos rubros, \u201clo que sin duda apoyar\u00e1 en el logro de los 10 ejes rectores que la administraci\u00f3n 2016-2018 contempla en el Plan de Desarrollo\u201d, afirm\u00f3 la alcaldesa Denisse Ugalde Alegr\u00eda.<\/p>\n","protected":false},"author":3,"featured_media":298711,"comment_status":"open","ping_status":"open","sticky":false,"template":"","format":"standard","meta":{"_monsterinsights_skip_tracking":false,"_monsterinsights_sitenote_active":false,"_monsterinsights_sitenote_note":"","_monsterinsights_sitenote_category":0,"footnotes":""},"categories":[35155],"tags":[43675,169],"class_list":["post-298612","post","type-post","status-publish","format-standard","has-post-thumbnail","hentry","category-estado-de-mexico-estado-de-mexico","tag-estado-de-mexico","tag-tlalnepantla"],"_links":{"self":[{"href":"https:\/\/www.diarioimagen.net\/index.php?rest_route=\/wp\/v2\/posts\/298612","targetHints":{"allow":["GET"]}}],"collection":[{"href":"https:\/\/www.diarioimagen.net\/index.php?rest_route=\/wp\/v2\/posts"}],"about":[{"href":"https:\/\/www.diarioimagen.net\/index.php?rest_route=\/wp\/v2\/types\/post"}],"author":[{"embeddable":true,"href":"https:\/\/www.diarioimagen.net\/index.php?rest_route=\/wp\/v2\/users\/3"}],"replies":[{"embeddable":true,"href":"https:\/\/www.diarioimagen.net\/index.php?rest_route=%2Fwp%2Fv2%2Fcomments&post=298612"}],"version-history":[{"count":0,"href":"https:\/\/www.diarioimagen.net\/index.php?rest_route=\/wp\/v2\/posts\/298612\/revisions"}],"wp:featuredmedia":[{"embeddable":true,"href":"https:\/\/www.diarioimagen.net\/index.php?rest_route=\/wp\/v2\/media\/298711"}],"wp:attachment":[{"href":"https:\/\/www.diarioimagen.net\/index.php?rest_route=%2Fwp%2Fv2%2Fmedia&parent=298612"}],"wp:term":[{"taxonomy":"category","embeddable":true,"href":"https:\/\/www.diarioimagen.net\/index.php?rest_route=%2Fwp%2Fv2%2Fcategories&post=298612"},{"taxonomy":"post_tag","embeddable":true,"href":"https:\/\/www.diarioimagen.net\/index.php?rest_route=%2Fwp%2Fv2%2Ftags&post=298612"}],"curies":[{"name":"wp","href":"https:\/\/api.w.org\/{rel}","templated":true}]}}