{"id":298620,"date":"2016-11-15T00:01:19","date_gmt":"2016-11-15T06:01:19","guid":{"rendered":"http:\/\/www.diarioimagen.net\/?p=298620"},"modified":"2016-11-15T05:10:09","modified_gmt":"2016-11-15T11:10:09","slug":"naucalpan-hallan-droga-y-cartuchos-en-inmueble","status":"publish","type":"post","link":"https:\/\/www.diarioimagen.net\/?p=298620","title":{"rendered":"Naucalpan: hallan droga y cartuchos en inmueble"},"content":{"rendered":"<p><a href=\"http:\/\/www.diarioimagen.net\/?attachment_id=298723\" rel=\"attachment wp-att-298723\"><img loading=\"lazy\" decoding=\"async\" class=\"aligncenter size-large wp-image-298723\" src=\"http:\/\/www.diarioimagen.net\/wp-content\/uploads\/2016\/11\/NAUCALPAN-2997-1-460x307.jpg\" alt=\"naucalpan-2997-1\" width=\"460\" height=\"307\" srcset=\"https:\/\/www.diarioimagen.net\/wp-content\/uploads\/2016\/11\/NAUCALPAN-2997-1-460x307.jpg 460w, https:\/\/www.diarioimagen.net\/wp-content\/uploads\/2016\/11\/NAUCALPAN-2997-1-240x160.jpg 240w, https:\/\/www.diarioimagen.net\/wp-content\/uploads\/2016\/11\/NAUCALPAN-2997-1-768x512.jpg 768w, https:\/\/www.diarioimagen.net\/wp-content\/uploads\/2016\/11\/NAUCALPAN-2997-1.jpg 1200w\" sizes=\"auto, (max-width: 460px) 100vw, 460px\" \/><\/a><\/p>\n<p>&nbsp;<\/p>\n<p><strong>Naucalpan, Estado de M\u00e9xico<\/strong>.- Personal de la Fiscal\u00eda Regional de Tlalnepantla, de la Procuradur\u00eda General de Justicia del Estado de M\u00e9xico (PGJEM), en coordinaci\u00f3n con Integrantes del Grupo T\u00e1ctico Operativo Naucalpan (GTO), realizaron un cateo en un inmueble de este municipio, en donde fueron localizados estupefacientes y cartuchos \u00fatiles.<\/p>\n<p>De igual forma, fueron detenidos Edwin \u201cN\u201d, de 18 a\u00f1os de edad; Juan \u201cN\u201d, de 56 a\u00f1os; Brandon \u201cN\u201d, de 20 a\u00f1os, y Ramiro \u201cN\u201d, de 28 a\u00f1os, por su probable responsabilidad en delitos contra la salud, quienes fueron presentados ante el agente del Ministerio P\u00fablico.<\/p>\n","protected":false},"excerpt":{"rendered":"<p>Personal de la Fiscal\u00eda Regional de Tlalnepantla, de la Procuradur\u00eda General de Justicia del Estado de M\u00e9xico (PGJEM), en coordinaci\u00f3n con Integrantes del Grupo T\u00e1ctico Operativo Naucalpan (GTO), realizaron un cateo en un inmueble de este municipio, en donde fueron localizados estupefacientes y cartuchos \u00fatiles.<\/p>\n","protected":false},"author":3,"featured_media":298723,"comment_status":"open","ping_status":"open","sticky":false,"template":"","format":"standard","meta":{"_monsterinsights_skip_tracking":false,"_monsterinsights_sitenote_active":false,"_monsterinsights_sitenote_note":"","_monsterinsights_sitenote_category":0,"footnotes":""},"categories":[35155],"tags":[12098,43675,49640,970],"class_list":["post-298620","post","type-post","status-publish","format-standard","has-post-thumbnail","hentry","category-estado-de-mexico-estado-de-mexico","tag-droga","tag-estado-de-mexico","tag-inmueble","tag-naucalpan"],"_links":{"self":[{"href":"https:\/\/www.diarioimagen.net\/index.php?rest_route=\/wp\/v2\/posts\/298620","targetHints":{"allow":["GET"]}}],"collection":[{"href":"https:\/\/www.diarioimagen.net\/index.php?rest_route=\/wp\/v2\/posts"}],"about":[{"href":"https:\/\/www.diarioimagen.net\/index.php?rest_route=\/wp\/v2\/types\/post"}],"author":[{"embeddable":true,"href":"https:\/\/www.diarioimagen.net\/index.php?rest_route=\/wp\/v2\/users\/3"}],"replies":[{"embeddable":true,"href":"https:\/\/www.diarioimagen.net\/index.php?rest_route=%2Fwp%2Fv2%2Fcomments&post=298620"}],"version-history":[{"count":0,"href":"https:\/\/www.diarioimagen.net\/index.php?rest_route=\/wp\/v2\/posts\/298620\/revisions"}],"wp:featuredmedia":[{"embeddable":true,"href":"https:\/\/www.diarioimagen.net\/index.php?rest_route=\/wp\/v2\/media\/298723"}],"wp:attachment":[{"href":"https:\/\/www.diarioimagen.net\/index.php?rest_route=%2Fwp%2Fv2%2Fmedia&parent=298620"}],"wp:term":[{"taxonomy":"category","embeddable":true,"href":"https:\/\/www.diarioimagen.net\/index.php?rest_route=%2Fwp%2Fv2%2Fcategories&post=298620"},{"taxonomy":"post_tag","embeddable":true,"href":"https:\/\/www.diarioimagen.net\/index.php?rest_route=%2Fwp%2Fv2%2Ftags&post=298620"}],"curies":[{"name":"wp","href":"https:\/\/api.w.org\/{rel}","templated":true}]}}