{"id":298760,"date":"2016-11-16T00:08:18","date_gmt":"2016-11-16T06:08:18","guid":{"rendered":"http:\/\/www.diarioimagen.net\/?p=298760"},"modified":"2016-11-16T02:39:09","modified_gmt":"2016-11-16T08:39:09","slug":"detecta-profeco-aumento-en-precios-previo-al-buen-fin","status":"publish","type":"post","link":"https:\/\/www.diarioimagen.net\/?p=298760","title":{"rendered":"Detecta Profeco ajuste de precios, previo al \u201cBuen Fin\u201d"},"content":{"rendered":"<ul>\n<li><em><strong>Advierte de multas hasta de 7.8 mdp<\/strong><\/em><\/li>\n<\/ul>\n<p>&nbsp;<\/p>\n<div id=\"attachment_298925\" style=\"width: 470px\" class=\"wp-caption aligncenter\"><a href=\"http:\/\/www.diarioimagen.net\/?attachment_id=298925\" rel=\"attachment wp-att-298925\"><img loading=\"lazy\" decoding=\"async\" aria-describedby=\"caption-attachment-298925\" class=\"size-large wp-image-298925\" src=\"http:\/\/www.diarioimagen.net\/wp-content\/uploads\/2016\/11\/buen-fin-2998-460x259.jpg\" alt=\"La Profeco detect\u00f3 aumentos en el precio de un mismo producto de entre 2.0 y 10 por ciento, previo al \u201cBuen Fin\u201d.\" width=\"460\" height=\"259\" srcset=\"https:\/\/www.diarioimagen.net\/wp-content\/uploads\/2016\/11\/buen-fin-2998-460x259.jpg 460w, https:\/\/www.diarioimagen.net\/wp-content\/uploads\/2016\/11\/buen-fin-2998-240x135.jpg 240w, https:\/\/www.diarioimagen.net\/wp-content\/uploads\/2016\/11\/buen-fin-2998-235x132.jpg 235w, https:\/\/www.diarioimagen.net\/wp-content\/uploads\/2016\/11\/buen-fin-2998-202x114.jpg 202w, https:\/\/www.diarioimagen.net\/wp-content\/uploads\/2016\/11\/buen-fin-2998-350x196.jpg 350w, https:\/\/www.diarioimagen.net\/wp-content\/uploads\/2016\/11\/buen-fin-2998-220x123.jpg 220w, https:\/\/www.diarioimagen.net\/wp-content\/uploads\/2016\/11\/buen-fin-2998-237x132.jpg 237w, https:\/\/www.diarioimagen.net\/wp-content\/uploads\/2016\/11\/buen-fin-2998.jpg 480w\" sizes=\"auto, (max-width: 460px) 100vw, 460px\" \/><\/a><p id=\"caption-attachment-298925\" class=\"wp-caption-text\">La Profeco detect\u00f3 aumentos en el precio de un mismo producto de entre 2.0 y 10 por ciento, previo al \u201cBuen Fin\u201d.<\/p><\/div>\n<p>&nbsp;<\/p>\n<p>Tras un monitoreo hace tres semanas en 56 ciudades, la Profeco inform\u00f3 que previo a la sexta edici\u00f3n del Buen Fin se detect\u00f3 diferencias y aumento en el precio de un mismo producto de entre 2.0 y 10 por ciento.<\/p>\n<p>Se destac\u00f3 que en ese mismo seguimiento de precios se corrobor\u00f3 la inexistencia de productos reetiquetados y s\u00f3lo se encontr\u00f3 un aumento \u201cnatural\u201d de los bienes y servicios.<\/p>\n<p>La Procuradur\u00eda del Consumidor se\u00f1al\u00f3 que actuar\u00e1 \u201ccon toda su fuerza\u201d para evitar que las empresas abusen de los consumidores durante la realizaci\u00f3n del Buen Fin, a celebrarse del 18 al 21 de noviembre pr\u00f3ximos.<\/p>\n<p>Se advirti\u00f3 que los comerciantes que atenten contra la econom\u00eda de las familias se har\u00e1n acreedores a multas desde 250 a 3.9 millones de pesos, y en caso de reincidencia de 7.8 millones de pesos.<\/p>\n<p>Durante el pr\u00f3ximo Buen Fin se espera una derrama econ\u00f3mica por 84 mil millones de pesos, lo que implica 5.0 por ciento m\u00e1s que el a\u00f1o pasado con 80 mil millones de pesos.<\/p>\n<p>Este a\u00f1o entrar\u00e1n al programa 2 mil 800 establecimientos -frente a 2 mil 500 del a\u00f1o pasado-, que incluyen tiendas de autoservicio, departamentales y especializadas.<\/p>\n<p>A trav\u00e9s de la plataforma Qui\u00e9n es Qui\u00e9n en los Precios se estima el levantamiento de 170 mil precios, 10 mil m\u00e1s que en 2015, y destacan los electrodom\u00e9sticos con 900 productos.<\/p>\n<p>La Profeco anot\u00f3 que la proyecci\u00f3n es que los art\u00edculos m\u00e1s consumidos sean similares a los registrados en 2015, como la ropa y el calzado con 34.7 por ciento, electr\u00f3nicos con 29 por ciento, art\u00edculos de hogar y aseo personal con 18 por ciento y alimentos y bebidas con 18 por ciento.<\/p>\n<p>Mexicanos gastar\u00e1n m\u00e1s de<\/p>\n<p>tres mil pesos en promedio<\/p>\n<p>Para la sexta edici\u00f3n del programa \u201cBuen Fin\u201d, 19 de cada 100 mexicanos tienen lista la cartera y las tarjetas de cr\u00e9dito para aprovechar las ofertas en los diversos establecimientos participantes, se\u00f1al\u00f3 una encuesta del Gabinete de Comunicaci\u00f3n Estrat\u00e9gica (GCE).<\/p>\n<p>En la edici\u00f3n que se llevar\u00e1 cabo del 18 al 21 de este mes, 20.6 por ciento de la gente dice que har\u00e1 compras de entre tres a cinco mil pesos, 28.5 por ciento dejar\u00e1 en los comercios m\u00e1s de cinco mil pesos; alrededor de 20 por ciento gastar\u00e1 menos y el resto no sabe o prefiri\u00f3 reserv\u00e1rselo.<\/p>\n<p>De acuerdo con la encuesta, el 73.4 por ciento de los mexicanos buscar\u00e1n en el \u201cBuen Fin\u201d los descuentos y adquirir\u00e1n y pagar\u00e1n a meses sin intereses, mientras que el 2.1 por ciento quiere aprovechar ambas cosas y el resto omiti\u00f3 su respuesta. Los lugares a los que m\u00e1s acude la gente durante el fin de semana de ofertas son Walmart, Liverpool, Coppel, Sams Club, Bodegas Aurrer\u00e1, Elektra, Famsa, Soriana y Sears.<\/p>\n<p>La gente tambi\u00e9n mencion\u00f3 tiendas de autoservicio, departamentales, mejoramiento del hogar, zapater\u00edas y muebler\u00edas, as\u00ed como de Telcel, Suburbia, Parisina, Telmex, Chedraui, Comercial Mexicana, Sanborns y otras.<\/p>\n<p>El 39.7 por ciento de los consultados dijo que en otros a\u00f1os ha comparado, pero para 60.1 por ciento de los mexicanos el Buen Fin es algo desconocido, si se trata de haber adquirido alguna oferta durante esa promoci\u00f3n.<\/p>\n<p>En 600 llamados telef\u00f3nicos realizados en todo el pa\u00eds, 29 de cada cien entrevistados considera que las ofertas del \u201cBuen Fin\u201d son verdaderas, 61 no tienen esa confianza, siete no sabe y el resto no respondi\u00f3.<\/p>\n<p>La gente que no sale a buscar descuentos tiene varias razones y son tres las que se repiten en 2015 y 2016: falta de dinero dinero, no obtienen beneficios o porque no quiere o no necesita nada.<\/p>\n<p>De acuerdo con la encesta del Gabinete de Comunicaci\u00f3n Estrat\u00e9gica, el a\u00f1o pasado no fueron tentados por El Buen Fin 60 de cada cien mexicanos y ahora son 72 los que no comprar\u00e1n.<\/p>\n","protected":false},"excerpt":{"rendered":"<p>Tras un monitoreo hace tres semanas en 56 ciudades, la Profeco inform\u00f3 que previo a la sexta edici\u00f3n del Buen Fin se detect\u00f3 diferencias y aumento en el precio de un mismo producto de entre 2.0 y 10 por<\/p>\n","protected":false},"author":5,"featured_media":298925,"comment_status":"open","ping_status":"open","sticky":false,"template":"","format":"standard","meta":{"_monsterinsights_skip_tracking":false,"_monsterinsights_sitenote_active":false,"_monsterinsights_sitenote_note":"","_monsterinsights_sitenote_category":0,"footnotes":""},"categories":[8],"tags":[16997,20779,43678,7052,356,13955,15506],"class_list":["post-298760","post","type-post","status-publish","format-standard","has-post-thumbnail","hentry","category-finanzas","tag-aumento","tag-buen-fin","tag-finanzas","tag-gabinete-de-comunicacion-estrategica","tag-profeco","tag-robo","tag-tarifas"],"_links":{"self":[{"href":"https:\/\/www.diarioimagen.net\/index.php?rest_route=\/wp\/v2\/posts\/298760","targetHints":{"allow":["GET"]}}],"collection":[{"href":"https:\/\/www.diarioimagen.net\/index.php?rest_route=\/wp\/v2\/posts"}],"about":[{"href":"https:\/\/www.diarioimagen.net\/index.php?rest_route=\/wp\/v2\/types\/post"}],"author":[{"embeddable":true,"href":"https:\/\/www.diarioimagen.net\/index.php?rest_route=\/wp\/v2\/users\/5"}],"replies":[{"embeddable":true,"href":"https:\/\/www.diarioimagen.net\/index.php?rest_route=%2Fwp%2Fv2%2Fcomments&post=298760"}],"version-history":[{"count":0,"href":"https:\/\/www.diarioimagen.net\/index.php?rest_route=\/wp\/v2\/posts\/298760\/revisions"}],"wp:featuredmedia":[{"embeddable":true,"href":"https:\/\/www.diarioimagen.net\/index.php?rest_route=\/wp\/v2\/media\/298925"}],"wp:attachment":[{"href":"https:\/\/www.diarioimagen.net\/index.php?rest_route=%2Fwp%2Fv2%2Fmedia&parent=298760"}],"wp:term":[{"taxonomy":"category","embeddable":true,"href":"https:\/\/www.diarioimagen.net\/index.php?rest_route=%2Fwp%2Fv2%2Fcategories&post=298760"},{"taxonomy":"post_tag","embeddable":true,"href":"https:\/\/www.diarioimagen.net\/index.php?rest_route=%2Fwp%2Fv2%2Ftags&post=298760"}],"curies":[{"name":"wp","href":"https:\/\/api.w.org\/{rel}","templated":true}]}}