{"id":298830,"date":"2016-11-16T00:09:31","date_gmt":"2016-11-16T06:09:31","guid":{"rendered":"http:\/\/www.diarioimagen.net\/?p=298830"},"modified":"2016-11-16T02:38:31","modified_gmt":"2016-11-16T08:38:31","slug":"apoyo-a-los-paisanos-que-radican-en-eu","status":"publish","type":"post","link":"https:\/\/www.diarioimagen.net\/?p=298830","title":{"rendered":"Apoyo a los paisanos que radican en EU"},"content":{"rendered":"<h2>Arco Norte<\/h2>\n<h5>Jos\u00e9 Luis Monta\u00f1ez Aguilar<\/h5>\n<p>&nbsp;<\/p>\n<div id=\"attachment_298954\" style=\"width: 470px\" class=\"wp-caption aligncenter\"><a href=\"http:\/\/www.diarioimagen.net\/?attachment_id=298954\" rel=\"attachment wp-att-298954\"><img loading=\"lazy\" decoding=\"async\" aria-describedby=\"caption-attachment-298954\" class=\"size-large wp-image-298954\" src=\"http:\/\/www.diarioimagen.net\/wp-content\/uploads\/2016\/11\/arco-2998-460x259.jpg\" alt=\"Eruviel \u00c1vila - Entrega de programas sociales a mexiquenses.\" width=\"460\" height=\"259\" srcset=\"https:\/\/www.diarioimagen.net\/wp-content\/uploads\/2016\/11\/arco-2998-460x259.jpg 460w, https:\/\/www.diarioimagen.net\/wp-content\/uploads\/2016\/11\/arco-2998-240x135.jpg 240w, https:\/\/www.diarioimagen.net\/wp-content\/uploads\/2016\/11\/arco-2998-235x132.jpg 235w, https:\/\/www.diarioimagen.net\/wp-content\/uploads\/2016\/11\/arco-2998-202x114.jpg 202w, https:\/\/www.diarioimagen.net\/wp-content\/uploads\/2016\/11\/arco-2998-350x196.jpg 350w, https:\/\/www.diarioimagen.net\/wp-content\/uploads\/2016\/11\/arco-2998-220x123.jpg 220w, https:\/\/www.diarioimagen.net\/wp-content\/uploads\/2016\/11\/arco-2998-237x132.jpg 237w, https:\/\/www.diarioimagen.net\/wp-content\/uploads\/2016\/11\/arco-2998.jpg 480w\" sizes=\"auto, (max-width: 460px) 100vw, 460px\" \/><\/a><p id=\"caption-attachment-298954\" class=\"wp-caption-text\">Eruviel \u00c1vila &#8211; Entrega de programas sociales a mexiquenses.<\/p><\/div>\n<p>&nbsp;<\/p>\n<p>Eruviel \u00c1vila Villegas anunci\u00f3 que para apoyar a migrantes mexiquenses que eventualmente pudieran ser deportados de Estados Unidos, ya se prepara una estrategia en coordinaci\u00f3n con el gobierno de la Rep\u00fablica para impulsar proyectos productivos en las comunidades de donde sean originarios.<\/p>\n<p>\u00c9sta y otras acciones, adelant\u00f3 el mandatario estatal, se las dar\u00e1 a conocer personalmente a los paisanos en pr\u00f3ximos d\u00edas, en una reuni\u00f3n que tendr\u00e1 con ellos en California, donde refrendar\u00e1 su compromiso para apoyarlos jur\u00eddicamente, a trav\u00e9s de las Casas Estado de M\u00e9xico, ante las posibles medidas migratorias que pudiera implementar el pr\u00f3ximo gobierno de ese pa\u00eds.<\/p>\n<p>En un encuentro con cocineras voluntarias de los comedores comunitarios en el municipio de Luvianos, Eruviel \u00c1vila record\u00f3 que, en apoyo a migrantes, el gobierno ha destinado recursos para en el costeo de tr\u00e1mites a quienes sean candidatos a naturalizarse.<\/p>\n<p style=\"text-align: center;\"><strong>La familia, eje central de la pol\u00edtica p\u00fablica en Edomex: Jos\u00e9 Manzur<\/strong><\/p>\n<p>Al se\u00f1alar que las acciones de combate frontal a la inseguridad en la administraci\u00f3n p\u00fablica estatal deben ir acompa\u00f1adas de un ejercicio de fortalecimiento a las instituciones, el secretario general de Gobierno, Jos\u00e9 Manzur Quiroga, indic\u00f3 que hoy m\u00e1s que nunca la familia tiene la responsabilidad social e hist\u00f3rica de formar ciudadanos comprometidos, adem\u00e1s de ser el eje central de la pol\u00edtica p\u00fablica en la entidad.<\/p>\n<p>Durante el lanzamiento del programa de capacitaci\u00f3n \u201cEl camino a la felicidad, en Huixquilucan\u201d, el cual\u00a0 ha tenido \u00e9xito en diferentes pa\u00edses donde se ha implementado, debido a su efectividad en el combate a la criminalidad, violencia e inseguridad y que tiene el prop\u00f3sito de fomentar la recuperaci\u00f3n de valores, a trav\u00e9s del trabajo coordinado con la Fundaci\u00f3n Alberto Salame A.C., el funcionario mexiquense refiri\u00f3 que las instituciones estatales tambi\u00e9n tienen el deber de procurar los espacios de desarrollo familiar que generen opciones y oportunidades para los j\u00f3venes.<\/p>\n<p>Asegur\u00f3 que el gobernador est\u00e1 consciente de la situaci\u00f3n de seguridad que atraviesa el Estado de M\u00e9xico y por ello se apuesta por un cambio de paradigma en donde gracias a los esfuerzos de la sociedad civil organizada, las acciones del gobierno estatal se fortalecen y se nutren.<\/p>\n<p><em><a href=\"mailto:montanezaguilar@gmail.com\" target=\"_blank\">montanezaguilar@gmail.com<\/a><\/em><\/p>\n","protected":false},"excerpt":{"rendered":"<p><span style=\"color: #005497;\">Jos\u00e9 Luis Monta\u00f1ez Aguilar<\/span><br \/>\n<br \/>\nEruviel \u00c1vila Villegas anunci\u00f3 que para apoyar a migrantes mexiquenses que eventualmente pudieran ser deportados<\/p>\n","protected":false},"author":3,"featured_media":298954,"comment_status":"open","ping_status":"open","sticky":false,"template":"","format":"standard","meta":{"_monsterinsights_skip_tracking":false,"_monsterinsights_sitenote_active":false,"_monsterinsights_sitenote_note":"","_monsterinsights_sitenote_category":0,"footnotes":""},"categories":[5],"tags":[13284,43675,2786,43704,43674],"class_list":["post-298830","post","type-post","status-publish","format-standard","has-post-thumbnail","hentry","category-estado-de-mexico","tag-arco-norte","tag-estado-de-mexico","tag-eu","tag-jose-luis-montanez-aguilar","tag-opinion"],"_links":{"self":[{"href":"https:\/\/www.diarioimagen.net\/index.php?rest_route=\/wp\/v2\/posts\/298830","targetHints":{"allow":["GET"]}}],"collection":[{"href":"https:\/\/www.diarioimagen.net\/index.php?rest_route=\/wp\/v2\/posts"}],"about":[{"href":"https:\/\/www.diarioimagen.net\/index.php?rest_route=\/wp\/v2\/types\/post"}],"author":[{"embeddable":true,"href":"https:\/\/www.diarioimagen.net\/index.php?rest_route=\/wp\/v2\/users\/3"}],"replies":[{"embeddable":true,"href":"https:\/\/www.diarioimagen.net\/index.php?rest_route=%2Fwp%2Fv2%2Fcomments&post=298830"}],"version-history":[{"count":0,"href":"https:\/\/www.diarioimagen.net\/index.php?rest_route=\/wp\/v2\/posts\/298830\/revisions"}],"wp:featuredmedia":[{"embeddable":true,"href":"https:\/\/www.diarioimagen.net\/index.php?rest_route=\/wp\/v2\/media\/298954"}],"wp:attachment":[{"href":"https:\/\/www.diarioimagen.net\/index.php?rest_route=%2Fwp%2Fv2%2Fmedia&parent=298830"}],"wp:term":[{"taxonomy":"category","embeddable":true,"href":"https:\/\/www.diarioimagen.net\/index.php?rest_route=%2Fwp%2Fv2%2Fcategories&post=298830"},{"taxonomy":"post_tag","embeddable":true,"href":"https:\/\/www.diarioimagen.net\/index.php?rest_route=%2Fwp%2Fv2%2Ftags&post=298830"}],"curies":[{"name":"wp","href":"https:\/\/api.w.org\/{rel}","templated":true}]}}