{"id":298922,"date":"2016-11-16T00:03:43","date_gmt":"2016-11-16T06:03:43","guid":{"rendered":"http:\/\/www.diarioimagen.net\/?p=298922"},"modified":"2016-11-16T02:37:06","modified_gmt":"2016-11-16T08:37:06","slug":"tri-femenil-sub-20-se-prepara-para-enfrentar-a-alemania","status":"publish","type":"post","link":"https:\/\/www.diarioimagen.net\/?p=298922","title":{"rendered":"Tri femenil sub-20 se prepara para enfrentar a Alemania"},"content":{"rendered":"<ul>\n<li><strong><em>Copa del Mundo Femenil Sub 20 Pap\u00faa Nueva Guinea<\/em><\/strong><\/li>\n<\/ul>\n<p>&nbsp;<\/p>\n<div id=\"attachment_298963\" style=\"width: 470px\" class=\"wp-caption aligncenter\"><a href=\"http:\/\/www.diarioimagen.net\/?attachment_id=298963\" rel=\"attachment wp-att-298963\"><img loading=\"lazy\" decoding=\"async\" aria-describedby=\"caption-attachment-298963\" class=\"size-large wp-image-298963\" src=\"http:\/\/www.diarioimagen.net\/wp-content\/uploads\/2016\/11\/TRI-2998-460x259.jpg\" alt=\"La selecci\u00f3n mexicana femenil\u00a0 realiz\u00f3 actividades regenerativas con la mente puesta en su siguiente duelo contra Alemania.\" width=\"460\" height=\"259\" srcset=\"https:\/\/www.diarioimagen.net\/wp-content\/uploads\/2016\/11\/TRI-2998-460x259.jpg 460w, https:\/\/www.diarioimagen.net\/wp-content\/uploads\/2016\/11\/TRI-2998-240x135.jpg 240w, https:\/\/www.diarioimagen.net\/wp-content\/uploads\/2016\/11\/TRI-2998-235x132.jpg 235w, https:\/\/www.diarioimagen.net\/wp-content\/uploads\/2016\/11\/TRI-2998-202x114.jpg 202w, https:\/\/www.diarioimagen.net\/wp-content\/uploads\/2016\/11\/TRI-2998-350x196.jpg 350w, https:\/\/www.diarioimagen.net\/wp-content\/uploads\/2016\/11\/TRI-2998-220x123.jpg 220w, https:\/\/www.diarioimagen.net\/wp-content\/uploads\/2016\/11\/TRI-2998-237x132.jpg 237w, https:\/\/www.diarioimagen.net\/wp-content\/uploads\/2016\/11\/TRI-2998.jpg 480w\" sizes=\"auto, (max-width: 460px) 100vw, 460px\" \/><\/a><p id=\"caption-attachment-298963\" class=\"wp-caption-text\">La selecci\u00f3n mexicana femenil\u00a0 realiz\u00f3 actividades regenerativas con la mente puesta en su siguiente duelo contra Alemania.<\/p><\/div>\n<p>&nbsp;<\/p>\n<p>Tras debutar con un triunfo en la Copa del Mundo Femenil Sub 20 Pap\u00faa Nueva Guinea, la selecci\u00f3n mexicana realiz\u00f3 actividades regenerativas con la mente puesta en su siguiente duelo frente a Alemania.<\/p>\n<p>El conjunto que dirige Roberto Medina sostuvo su preparaci\u00f3n dividi\u00e9ndose en dos grupos, por un lado las jugadoras que fueron titulares o tuvieron m\u00e1s minutos frente a Corea del Sur hicieron ejercicios de recuperaci\u00f3n en el gimnasio del hotel de concentraci\u00f3n.<\/p>\n<p>Mientras, el resto de las futbolistas del combinado mexicano hicieron un poco de labor de cancha bajo las \u00f3rdenes de los auxiliares t\u00e9cnicos M\u00f3nica Vergara y Jes\u00fas Garc\u00eda.<\/p>\n<p>Posteriormente recibieron terapias de recuperaci\u00f3n y masaje, as\u00ed como una sesi\u00f3n de video en la que estudiaron al cuadro germano, su pr\u00f3xima rival en la justa.<\/p>\n<p>&nbsp;<\/p>\n","protected":false},"excerpt":{"rendered":"<p>Tras debutar con un triunfo en la Copa del Mundo Femenil Sub 20 Pap\u00faa Nueva Guinea, la selecci\u00f3n mexicana realiz\u00f3 actividades regenerativas con la mente puesta en su siguiente duelo frente a Alemania.<\/p>\n","protected":false},"author":3,"featured_media":298963,"comment_status":"open","ping_status":"open","sticky":false,"template":"","format":"standard","meta":{"_monsterinsights_skip_tracking":false,"_monsterinsights_sitenote_active":false,"_monsterinsights_sitenote_note":"","_monsterinsights_sitenote_category":0,"footnotes":""},"categories":[10],"tags":[43680,6388],"class_list":["post-298922","post","type-post","status-publish","format-standard","has-post-thumbnail","hentry","category-deportes","tag-deportes","tag-mundial"],"_links":{"self":[{"href":"https:\/\/www.diarioimagen.net\/index.php?rest_route=\/wp\/v2\/posts\/298922","targetHints":{"allow":["GET"]}}],"collection":[{"href":"https:\/\/www.diarioimagen.net\/index.php?rest_route=\/wp\/v2\/posts"}],"about":[{"href":"https:\/\/www.diarioimagen.net\/index.php?rest_route=\/wp\/v2\/types\/post"}],"author":[{"embeddable":true,"href":"https:\/\/www.diarioimagen.net\/index.php?rest_route=\/wp\/v2\/users\/3"}],"replies":[{"embeddable":true,"href":"https:\/\/www.diarioimagen.net\/index.php?rest_route=%2Fwp%2Fv2%2Fcomments&post=298922"}],"version-history":[{"count":0,"href":"https:\/\/www.diarioimagen.net\/index.php?rest_route=\/wp\/v2\/posts\/298922\/revisions"}],"wp:featuredmedia":[{"embeddable":true,"href":"https:\/\/www.diarioimagen.net\/index.php?rest_route=\/wp\/v2\/media\/298963"}],"wp:attachment":[{"href":"https:\/\/www.diarioimagen.net\/index.php?rest_route=%2Fwp%2Fv2%2Fmedia&parent=298922"}],"wp:term":[{"taxonomy":"category","embeddable":true,"href":"https:\/\/www.diarioimagen.net\/index.php?rest_route=%2Fwp%2Fv2%2Fcategories&post=298922"},{"taxonomy":"post_tag","embeddable":true,"href":"https:\/\/www.diarioimagen.net\/index.php?rest_route=%2Fwp%2Fv2%2Ftags&post=298922"}],"curies":[{"name":"wp","href":"https:\/\/api.w.org\/{rel}","templated":true}]}}