{"id":298991,"date":"2016-11-17T00:09:43","date_gmt":"2016-11-17T06:09:43","guid":{"rendered":"http:\/\/www.diarioimagen.net\/?p=298991"},"modified":"2016-11-16T23:40:09","modified_gmt":"2016-11-17T05:40:09","slug":"entrega-isis-avila-becas-a-estudiantes-con-ceguera","status":"publish","type":"post","link":"https:\/\/www.diarioimagen.net\/?p=298991","title":{"rendered":"Entrega Isis \u00c1vila ayuda a ni\u00f1os con ceguera"},"content":{"rendered":"<ul>\n<li><strong><em>En niveles de educaci\u00f3n especial, b\u00e1sica y media superior<\/em><\/strong><\/li>\n<\/ul>\n<p>&nbsp;<\/p>\n<div id=\"attachment_298992\" style=\"width: 470px\" class=\"wp-caption aligncenter\"><a href=\"http:\/\/www.diarioimagen.net\/?attachment_id=298992\" rel=\"attachment wp-att-298992\"><img loading=\"lazy\" decoding=\"async\" aria-describedby=\"caption-attachment-298992\" class=\"wp-image-298992 size-large\" src=\"http:\/\/www.diarioimagen.net\/wp-content\/uploads\/2016\/11\/ISIS17-portal-460x268.jpg\" alt=\"Isis \u00c1vila Mu\u00f1oz, presidenta honoraria del DIFEM, entreg\u00f3 29 est\u00edmulos econ\u00f3micos a igual n\u00famero de estudiantes.\" width=\"460\" height=\"268\" srcset=\"https:\/\/www.diarioimagen.net\/wp-content\/uploads\/2016\/11\/ISIS17-portal-460x268.jpg 460w, https:\/\/www.diarioimagen.net\/wp-content\/uploads\/2016\/11\/ISIS17-portal-240x140.jpg 240w, https:\/\/www.diarioimagen.net\/wp-content\/uploads\/2016\/11\/ISIS17-portal.jpg 480w\" sizes=\"auto, (max-width: 460px) 100vw, 460px\" \/><\/a><p id=\"caption-attachment-298992\" class=\"wp-caption-text\">Isis \u00c1vila Mu\u00f1oz, presidenta honoraria del DIFEM, entreg\u00f3 29 est\u00edmulos econ\u00f3micos a igual n\u00famero de estudiantes.<\/p><\/div>\n<p>&nbsp;<\/p>\n<p><strong>Toluca, Estado de M\u00e9xico<\/strong>.- Con el prop\u00f3sito de apoyar a ni\u00f1os con ceguera que cursan niveles de educaci\u00f3n especial, b\u00e1sica y media superior, Isis \u00c1vila Mu\u00f1oz, presidenta honoraria del DIF Estado de M\u00e9xico, entreg\u00f3 29 est\u00edmulos econ\u00f3micos a igual n\u00famero de estudiantes como parte del programa \u201cBecas a Ni\u00f1os que Ven con el Coraz\u00f3n\u201d.<\/p>\n<p>Al visitar el Centro de Atenci\u00f3n M\u00faltiple No. 1, en compa\u00f1\u00eda de Juan Jaffet Mill\u00e1n M\u00e1rquez, subsecretario de Educaci\u00f3n B\u00e1sica y Normal del gobierno mexiquense, as\u00ed como Fernando Zamora Morales, presidente municipal de Toluca, \u00c1vila Mu\u00f1oz se\u00f1al\u00f3 que con este apoyo que consta de 10 mil pesos los beneficiados, podr\u00e1n adquirir materiales y vestimenta escolar, as\u00ed como atender necesidades de alimentaci\u00f3n y transporte.<\/p>\n<p>\u201cUno de los principales objetivos de la educaci\u00f3n para ni\u00f1os y j\u00f3venes, consiste en transformar su entorno, porque cuando hay una situaci\u00f3n adversa no hay mejor forma de darle vuelta a la p\u00e1gina que con educaci\u00f3n\u201d, dijo.<\/p>\n<p>La titular del DIFEM destac\u00f3 que en este sentido el gobernador del Estado de M\u00e9xico, Eruviel \u00c1vila Villegas, ha dicho que la educaci\u00f3n es la mejor arma para hacer frente muchos retos sociales y es fundamental para generar una sociedad m\u00e1s inclusiva en favor de ni\u00f1os con discapacidad, por ello, sumando la convicci\u00f3n por el estudio, el apoyo de maestros y padres de familia, as\u00ed como las becas del gobierno mexiquense se lograran escribir muchas historias de \u00e9xito.<\/p>\n<p>Resalt\u00f3 que la entidad es la que m\u00e1s invierte en becas a nivel nacional, con m\u00e1s de 150 millones de pesos invertidos en este rubro, a los que se suman lentes oftalmol\u00f3gicos, zapatos ortop\u00e9dicos, \u00fatiles escolares, desayunos, as\u00ed como servicios de salud, entre otros.<\/p>\n<p>Detall\u00f3 que cuando en la familia hay un integrante con discapacidad los gastos son tres veces mayores, por lo que esta beca representa un acto de solidaridad para que se preparen y lleguen tan lejos como se lo propongan.<\/p>\n","protected":false},"excerpt":{"rendered":"<p>Con el prop\u00f3sito de apoyar a ni\u00f1os con ceguera que cursan niveles de educaci\u00f3n especial, b\u00e1sica y media superior, Isis \u00c1vila Mu\u00f1oz, presidenta honoraria del DIF Estado de M\u00e9xico, entreg\u00f3 29 est\u00edmulos econ\u00f3micos a igual n\u00famero de estudiantes como parte del programa \u201cBecas a Ni\u00f1os que Ven con el Coraz\u00f3n\u201d.<\/p>\n","protected":false},"author":5,"featured_media":298992,"comment_status":"open","ping_status":"open","sticky":false,"template":"","format":"standard","meta":{"_monsterinsights_skip_tracking":false,"_monsterinsights_sitenote_active":false,"_monsterinsights_sitenote_note":"","_monsterinsights_sitenote_category":0,"footnotes":""},"categories":[5],"tags":[11642,43675,28207,452],"class_list":["post-298991","post","type-post","status-publish","format-standard","has-post-thumbnail","hentry","category-estado-de-mexico","tag-becas","tag-estado-de-mexico","tag-isis-avila-munoz","tag-toluca"],"_links":{"self":[{"href":"https:\/\/www.diarioimagen.net\/index.php?rest_route=\/wp\/v2\/posts\/298991","targetHints":{"allow":["GET"]}}],"collection":[{"href":"https:\/\/www.diarioimagen.net\/index.php?rest_route=\/wp\/v2\/posts"}],"about":[{"href":"https:\/\/www.diarioimagen.net\/index.php?rest_route=\/wp\/v2\/types\/post"}],"author":[{"embeddable":true,"href":"https:\/\/www.diarioimagen.net\/index.php?rest_route=\/wp\/v2\/users\/5"}],"replies":[{"embeddable":true,"href":"https:\/\/www.diarioimagen.net\/index.php?rest_route=%2Fwp%2Fv2%2Fcomments&post=298991"}],"version-history":[{"count":0,"href":"https:\/\/www.diarioimagen.net\/index.php?rest_route=\/wp\/v2\/posts\/298991\/revisions"}],"wp:featuredmedia":[{"embeddable":true,"href":"https:\/\/www.diarioimagen.net\/index.php?rest_route=\/wp\/v2\/media\/298992"}],"wp:attachment":[{"href":"https:\/\/www.diarioimagen.net\/index.php?rest_route=%2Fwp%2Fv2%2Fmedia&parent=298991"}],"wp:term":[{"taxonomy":"category","embeddable":true,"href":"https:\/\/www.diarioimagen.net\/index.php?rest_route=%2Fwp%2Fv2%2Fcategories&post=298991"},{"taxonomy":"post_tag","embeddable":true,"href":"https:\/\/www.diarioimagen.net\/index.php?rest_route=%2Fwp%2Fv2%2Ftags&post=298991"}],"curies":[{"name":"wp","href":"https:\/\/api.w.org\/{rel}","templated":true}]}}