{"id":298994,"date":"2016-11-17T00:06:39","date_gmt":"2016-11-17T06:06:39","guid":{"rendered":"http:\/\/www.diarioimagen.net\/?p=298994"},"modified":"2016-11-18T00:56:59","modified_gmt":"2016-11-18T06:56:59","slug":"anuncia-eruviel-avila-becas-de-estudios-para-mexiquenses-en-eu","status":"publish","type":"post","link":"https:\/\/www.diarioimagen.net\/?p=298994","title":{"rendered":"M\u00e1s becas de estudios para mexiquenses en EU: Eruviel \u00c1vila"},"content":{"rendered":"<ul>\n<li><strong><em>Bachillerato y licenciatura de la Universidad Digital del\u2008Edomex<\/em><\/strong><\/li>\n<\/ul>\n<p>&nbsp;<\/p>\n<div id=\"attachment_298995\" style=\"width: 470px\" class=\"wp-caption aligncenter\"><a href=\"http:\/\/www.diarioimagen.net\/?attachment_id=298995\" rel=\"attachment wp-att-298995\"><img loading=\"lazy\" decoding=\"async\" aria-describedby=\"caption-attachment-298995\" class=\"wp-image-298995 size-large\" src=\"http:\/\/www.diarioimagen.net\/wp-content\/uploads\/2016\/11\/ERUVIEL17-portal-460x268.jpg\" alt=\"Eruviel \u00c1vila Villegas anunci\u00f3 la entrega de becas a j\u00f3venes mexiquenses que viven en Estados Unidos.\" width=\"460\" height=\"268\" srcset=\"https:\/\/www.diarioimagen.net\/wp-content\/uploads\/2016\/11\/ERUVIEL17-portal-460x268.jpg 460w, https:\/\/www.diarioimagen.net\/wp-content\/uploads\/2016\/11\/ERUVIEL17-portal-240x140.jpg 240w, https:\/\/www.diarioimagen.net\/wp-content\/uploads\/2016\/11\/ERUVIEL17-portal.jpg 480w\" sizes=\"auto, (max-width: 460px) 100vw, 460px\" \/><\/a><p id=\"caption-attachment-298995\" class=\"wp-caption-text\">Eruviel \u00c1vila Villegas anunci\u00f3 la entrega de becas a j\u00f3venes mexiquenses que viven en Estados Unidos.<\/p><\/div>\n<p>&nbsp;<\/p>\n<p><strong>Lerma, Estado de M\u00e9xico<\/strong>.- El gobernador Eruviel \u00c1vila Villegas anunci\u00f3 la entrega de becas a j\u00f3venes mexiquenses que viven en Estados Unidos para que puedan cursar a distancia, estudios de bachillerato y licenciatura que ofrece la Universidad Digital del Estado de M\u00e9xico, avaladas por la UNAM y la UAEM.<\/p>\n<p>\u201cHoy quiero participarles que hago un llamado, y estar\u00e9 la pr\u00f3xima semana haciendo la invitaci\u00f3n personalmente all\u00e1 en California, pero les comparto que he instruido que en la Universidad Digital podamos ofrecer becas y facilidades a nuestros paisanos que radican all\u00e1 en Estados Unidos, en carreras totalmente a distancia.<\/p>\n<p>\u201cNo tendr\u00edan que trasladarse a ning\u00fan lugar, sino desde una computadora con internet podr\u00e1n recibir sus clases. Hay j\u00f3venes all\u00e1 en Estados Unidos que en lugar de estudiar, como ellos quisieran, pues tiene que trabajar para ganarse la vida; en sus tiempos libres, en sus ratos libres podr\u00e1n estudiar estas carreras a distancia\u201d, dijo.<\/p>\n<p>En la Universidad Tecnol\u00f3gica del Valle de Toluca, Eruviel \u00c1vila detall\u00f3 que, sin importar la edad, las personas interesadas podr\u00e1n estudiar a trav\u00e9s de la Universidad Digital, alguna de las carreras que ofertan instituciones como la Universidad Nacional Aut\u00f3noma de M\u00e9xico (UNAM), la Universidad Aut\u00f3noma del Estado de M\u00e9xico (UAEM) o la Universidad del Bicentenario.<\/p>\n<p>Al entregar apoyos de las Acciones por la Educaci\u00f3n, en beneficio de 5 mil estudiantes de 11 municipios de la regi\u00f3n, el gobernador destac\u00f3 que, al inicio de la actual administraci\u00f3n, la matr\u00edcula escolar de la Universidad Digital era de 18 mil estudiantes y, hoy en d\u00eda, producto de la creaci\u00f3n de m\u00e1s infraestructura, la calidad de los programas educativos o las facilidades que otorga, la cantidad de alumnos de esta instituci\u00f3n creci\u00f3 114 por ciento, para llegar a m\u00e1s de 40 mil estudiantes.<\/p>\n<p>Agreg\u00f3 que adem\u00e1s existen 250 Bibliotecas Digitales en la entidad, donde las personas tambi\u00e9n pueden estudiar carreras a distancia.<\/p>\n<p>Ante la secretaria de Educaci\u00f3n, Ana Lilia Herrera Anzaldo, del diputado federal Alfredo del Mazo Maza, presidente de la Comisi\u00f3n de Presupuesto de la C\u00e1mara de Diputados y del diputado local Eric Sevilla Montes de Oca, Eruviel \u00c1vila inform\u00f3 que en apoyo a los estudiantes del Edom\u00e9x, durante su administraci\u00f3n se han invertido m\u00e1s de mil 148 millones de pesos para becar a 459 mil alumnos integrantes de escoltas.<\/p>\n<p>Adem\u00e1s, se han entregado 153 paquetes para equipar escuelas de educaci\u00f3n especial, con un monto de 8 millones de pesos; rehabilitado 3 mil espacios educativos; construido 18 universidades; apoyado a mil 980 escuelas con equipo para desayunadores escolares o distribuido 300 mil zapatos, tenis y plantillas ortop\u00e9dicas, entre otros apoyos.<\/p>\n","protected":false},"excerpt":{"rendered":"<p>El gobernador Eruviel \u00c1vila Villegas anunci\u00f3 la entrega de becas a j\u00f3venes mexiquenses que viven en Estados Unidos para que puedan cursar a distancia, estudios de bachillerato y licenciatura que ofrece la Universidad Digital del Estado de M\u00e9xico, avaladas por la UNAM y la UAEM.<\/p>\n","protected":false},"author":5,"featured_media":298995,"comment_status":"open","ping_status":"open","sticky":false,"template":"","format":"standard","meta":{"_monsterinsights_skip_tracking":false,"_monsterinsights_sitenote_active":false,"_monsterinsights_sitenote_note":"","_monsterinsights_sitenote_category":0,"footnotes":""},"categories":[5],"tags":[43675,1050,6609,1491,570,872],"class_list":["post-298994","post","type-post","status-publish","format-standard","has-post-thumbnail","hentry","category-estado-de-mexico","tag-estado-de-mexico","tag-lerma","tag-mexiquenses","tag-uaem","tag-unam","tag-valle-de-toluca"],"_links":{"self":[{"href":"https:\/\/www.diarioimagen.net\/index.php?rest_route=\/wp\/v2\/posts\/298994","targetHints":{"allow":["GET"]}}],"collection":[{"href":"https:\/\/www.diarioimagen.net\/index.php?rest_route=\/wp\/v2\/posts"}],"about":[{"href":"https:\/\/www.diarioimagen.net\/index.php?rest_route=\/wp\/v2\/types\/post"}],"author":[{"embeddable":true,"href":"https:\/\/www.diarioimagen.net\/index.php?rest_route=\/wp\/v2\/users\/5"}],"replies":[{"embeddable":true,"href":"https:\/\/www.diarioimagen.net\/index.php?rest_route=%2Fwp%2Fv2%2Fcomments&post=298994"}],"version-history":[{"count":0,"href":"https:\/\/www.diarioimagen.net\/index.php?rest_route=\/wp\/v2\/posts\/298994\/revisions"}],"wp:featuredmedia":[{"embeddable":true,"href":"https:\/\/www.diarioimagen.net\/index.php?rest_route=\/wp\/v2\/media\/298995"}],"wp:attachment":[{"href":"https:\/\/www.diarioimagen.net\/index.php?rest_route=%2Fwp%2Fv2%2Fmedia&parent=298994"}],"wp:term":[{"taxonomy":"category","embeddable":true,"href":"https:\/\/www.diarioimagen.net\/index.php?rest_route=%2Fwp%2Fv2%2Fcategories&post=298994"},{"taxonomy":"post_tag","embeddable":true,"href":"https:\/\/www.diarioimagen.net\/index.php?rest_route=%2Fwp%2Fv2%2Ftags&post=298994"}],"curies":[{"name":"wp","href":"https:\/\/api.w.org\/{rel}","templated":true}]}}