{"id":299077,"date":"2016-11-17T00:07:48","date_gmt":"2016-11-17T06:07:48","guid":{"rendered":"http:\/\/www.diarioimagen.net\/?p=299077"},"modified":"2016-11-17T03:30:08","modified_gmt":"2016-11-17T09:30:08","slug":"operativos-rinden-frutos-en-la-zona-oriente-de-tlalnepantla","status":"publish","type":"post","link":"https:\/\/www.diarioimagen.net\/?p=299077","title":{"rendered":"Operativos rinden frutos en la zona Oriente de Tlalnepantla"},"content":{"rendered":"<ul>\n<li><strong><em>Estrecha coordinaci\u00f3n con el Ej\u00e9rcito<\/em><\/strong><\/li>\n<\/ul>\n<p>&nbsp;<\/p>\n<div id=\"attachment_299152\" style=\"width: 470px\" class=\"wp-caption aligncenter\"><a href=\"http:\/\/www.diarioimagen.net\/?attachment_id=299152\" rel=\"attachment wp-att-299152\"><img loading=\"lazy\" decoding=\"async\" aria-describedby=\"caption-attachment-299152\" class=\"size-large wp-image-299152\" src=\"http:\/\/www.diarioimagen.net\/wp-content\/uploads\/2016\/11\/tlalnepantla-2999-460x259.jpg\" alt=\"Denisse Ugalde Alegr\u00eda destac\u00f3 la coordinaci\u00f3n que las diferentes corporaciones polic\u00edacas en beneficio de la seguridad de la poblaci\u00f3n.\" width=\"460\" height=\"259\" srcset=\"https:\/\/www.diarioimagen.net\/wp-content\/uploads\/2016\/11\/tlalnepantla-2999-460x259.jpg 460w, https:\/\/www.diarioimagen.net\/wp-content\/uploads\/2016\/11\/tlalnepantla-2999-240x135.jpg 240w, https:\/\/www.diarioimagen.net\/wp-content\/uploads\/2016\/11\/tlalnepantla-2999-235x132.jpg 235w, https:\/\/www.diarioimagen.net\/wp-content\/uploads\/2016\/11\/tlalnepantla-2999-202x114.jpg 202w, https:\/\/www.diarioimagen.net\/wp-content\/uploads\/2016\/11\/tlalnepantla-2999-350x196.jpg 350w, https:\/\/www.diarioimagen.net\/wp-content\/uploads\/2016\/11\/tlalnepantla-2999-220x123.jpg 220w, https:\/\/www.diarioimagen.net\/wp-content\/uploads\/2016\/11\/tlalnepantla-2999-237x132.jpg 237w, https:\/\/www.diarioimagen.net\/wp-content\/uploads\/2016\/11\/tlalnepantla-2999.jpg 480w\" sizes=\"auto, (max-width: 460px) 100vw, 460px\" \/><\/a><p id=\"caption-attachment-299152\" class=\"wp-caption-text\">Denisse Ugalde Alegr\u00eda destac\u00f3 la coordinaci\u00f3n que las diferentes corporaciones polic\u00edacas en beneficio de la seguridad de la poblaci\u00f3n.<\/p><\/div>\n<p>&nbsp;<\/p>\n<p><strong>Tlalnepantla, Estado de M\u00e9xico<\/strong>.- Como parte de los operativos que de manera permanente se realizan en la Zona Oriente del municipio, en los \u00faltimos 15 d\u00edas se ha logrado la detenci\u00f3n de 32 sujetos, principalmente relacionados con temas de droga y portaci\u00f3n de arma de fuego, as\u00ed lo dio a conocer el comisario general de Seguridad P\u00fablica, Alejandro Villar del Mazo.<\/p>\n<p>En el marco de la novena sesi\u00f3n ordinaria del Consejo Municipal de Seguridad P\u00fablica, el responsable de la seguridad en esta localidad, puntualiz\u00f3 que estos alcances son resultado de la estrecha coordinaci\u00f3n que se tiene con el Ej\u00e9rcito, la Marina, la Polic\u00eda Federal y la Comisi\u00f3n Estatal de Seguridad P\u00fablica.<\/p>\n<p>Record\u00f3 que en la Zona Oriente se ubican dos de las cuatro Bases de Operaciones Mixtas asignadas al municipio, una a cargo de la Sedena y otra de la Marina, por lo que los recorridos por las colonias con altos \u00edndices delictivos altos se seguir\u00e1n llevando a cabo constantemente.<\/p>\n<p>En este sentido, la presidenta municipal, Denisse Ugalde Alegr\u00eda, destac\u00f3 la coordinaci\u00f3n que las diferentes corporaciones polic\u00edacas han logrado, para procurar el bienestar de las familias de esta localidad.<\/p>\n<p>\u201cHoy los tres \u00f3rdenes de gobierno conjuntamos esfuerzos en favor de los tlalnepantlenses, pero lo m\u00e1s importante es que ustedes se sumen a estas labores, porque son quienes conocen d\u00f3nde est\u00e1n ocurriendo las cosas y eso es fundamental para atacar los puntos vulnerables\u201d, refiri\u00f3 la alcaldesa.<\/p>\n<p>Apunt\u00f3 que adem\u00e1s se contin\u00faa trabajando en materia de prevenci\u00f3n, a trav\u00e9s de\u00a0 la recuperaci\u00f3n de espacios p\u00fablicos, con el objetivo de que la ciudadan\u00eda se apodere de dichos lugares para la convivencia entre sus familias, muestra de ello es la rehabilitaci\u00f3n de la alberca del Deportivo CRI-CRI y\u00a0 del Deportivo Caracoles, obra que est\u00e1 en proceso.<\/p>\n<p>&nbsp;<\/p>\n","protected":false},"excerpt":{"rendered":"<p>Como parte de los operativos que de manera permanente se realizan en la Zona Oriente del municipio, en los \u00faltimos 15 d\u00edas se ha logrado la detenci\u00f3n de 32 sujetos, principalmente relacionados con temas de droga y portaci\u00f3n de arma de fuego, as\u00ed lo dio a conocer el comisario general de Seguridad P\u00fablica, Alejandro Villar del Mazo.<\/p>\n","protected":false},"author":3,"featured_media":299152,"comment_status":"open","ping_status":"open","sticky":false,"template":"","format":"standard","meta":{"_monsterinsights_skip_tracking":false,"_monsterinsights_sitenote_active":false,"_monsterinsights_sitenote_note":"","_monsterinsights_sitenote_category":0,"footnotes":""},"categories":[35155],"tags":[43675,17052,357,169],"class_list":["post-299077","post","type-post","status-publish","format-standard","has-post-thumbnail","hentry","category-estado-de-mexico-estado-de-mexico","tag-estado-de-mexico","tag-frutos","tag-operativos","tag-tlalnepantla"],"_links":{"self":[{"href":"https:\/\/www.diarioimagen.net\/index.php?rest_route=\/wp\/v2\/posts\/299077","targetHints":{"allow":["GET"]}}],"collection":[{"href":"https:\/\/www.diarioimagen.net\/index.php?rest_route=\/wp\/v2\/posts"}],"about":[{"href":"https:\/\/www.diarioimagen.net\/index.php?rest_route=\/wp\/v2\/types\/post"}],"author":[{"embeddable":true,"href":"https:\/\/www.diarioimagen.net\/index.php?rest_route=\/wp\/v2\/users\/3"}],"replies":[{"embeddable":true,"href":"https:\/\/www.diarioimagen.net\/index.php?rest_route=%2Fwp%2Fv2%2Fcomments&post=299077"}],"version-history":[{"count":0,"href":"https:\/\/www.diarioimagen.net\/index.php?rest_route=\/wp\/v2\/posts\/299077\/revisions"}],"wp:featuredmedia":[{"embeddable":true,"href":"https:\/\/www.diarioimagen.net\/index.php?rest_route=\/wp\/v2\/media\/299152"}],"wp:attachment":[{"href":"https:\/\/www.diarioimagen.net\/index.php?rest_route=%2Fwp%2Fv2%2Fmedia&parent=299077"}],"wp:term":[{"taxonomy":"category","embeddable":true,"href":"https:\/\/www.diarioimagen.net\/index.php?rest_route=%2Fwp%2Fv2%2Fcategories&post=299077"},{"taxonomy":"post_tag","embeddable":true,"href":"https:\/\/www.diarioimagen.net\/index.php?rest_route=%2Fwp%2Fv2%2Ftags&post=299077"}],"curies":[{"name":"wp","href":"https:\/\/api.w.org\/{rel}","templated":true}]}}