{"id":299080,"date":"2016-11-17T00:06:03","date_gmt":"2016-11-17T06:06:03","guid":{"rendered":"http:\/\/www.diarioimagen.net\/?p=299080"},"modified":"2016-11-17T03:38:03","modified_gmt":"2016-11-17T09:38:03","slug":"entrega-adan-barron-elizalde-obras-en-materia-vial-y-de-salud","status":"publish","type":"post","link":"https:\/\/www.diarioimagen.net\/?p=299080","title":{"rendered":"Entrega Ad\u00e1n Barr\u00f3n Elizalde obras en materia vial y de salud"},"content":{"rendered":"<ul>\n<li><strong><em>Mejoran la imagen urbana<\/em><\/strong><\/li>\n<\/ul>\n<p>&nbsp;<\/p>\n<div id=\"attachment_299155\" style=\"width: 470px\" class=\"wp-caption aligncenter\"><a href=\"http:\/\/www.diarioimagen.net\/?attachment_id=299155\" rel=\"attachment wp-att-299155\"><img loading=\"lazy\" decoding=\"async\" aria-describedby=\"caption-attachment-299155\" class=\"size-large wp-image-299155\" src=\"http:\/\/www.diarioimagen.net\/wp-content\/uploads\/2016\/11\/TULTITLAN-2999-460x259.jpg\" alt=\"El alcalde Jorge Ad\u00e1n Barr\u00f3n Elizalde dio el banderazo de inicio de obras en distintas calles de la demarcaci\u00f3n.\" width=\"460\" height=\"259\" srcset=\"https:\/\/www.diarioimagen.net\/wp-content\/uploads\/2016\/11\/TULTITLAN-2999-460x259.jpg 460w, https:\/\/www.diarioimagen.net\/wp-content\/uploads\/2016\/11\/TULTITLAN-2999-240x135.jpg 240w, https:\/\/www.diarioimagen.net\/wp-content\/uploads\/2016\/11\/TULTITLAN-2999-235x132.jpg 235w, https:\/\/www.diarioimagen.net\/wp-content\/uploads\/2016\/11\/TULTITLAN-2999-202x114.jpg 202w, https:\/\/www.diarioimagen.net\/wp-content\/uploads\/2016\/11\/TULTITLAN-2999-350x196.jpg 350w, https:\/\/www.diarioimagen.net\/wp-content\/uploads\/2016\/11\/TULTITLAN-2999-220x123.jpg 220w, https:\/\/www.diarioimagen.net\/wp-content\/uploads\/2016\/11\/TULTITLAN-2999-237x132.jpg 237w, https:\/\/www.diarioimagen.net\/wp-content\/uploads\/2016\/11\/TULTITLAN-2999.jpg 480w\" sizes=\"auto, (max-width: 460px) 100vw, 460px\" \/><\/a><p id=\"caption-attachment-299155\" class=\"wp-caption-text\">El alcalde Jorge Ad\u00e1n Barr\u00f3n Elizalde dio el banderazo de inicio de obras en distintas calles de la demarcaci\u00f3n.<\/p><\/div>\n<p>&nbsp;<\/p>\n<p><strong>Tultitl\u00e1n, Estado de M\u00e9xico<\/strong>.- Con el firme compromiso de contribuir a mejorar la imagen urbana \u00a0que favorezcan la infraestructura del municipio, as\u00ed como a sus habitantes, el gobierno municipal encabezado por el maestro en administraci\u00f3n p\u00fablica, Jorge Ad\u00e1n Barr\u00f3n Elizalde, en colaboraci\u00f3n con la Direcci\u00f3n General de Obras P\u00fablicas, llevaron a cabo arranques de obras en distintas calles de la demarcaci\u00f3n y de la unidad m\u00e9dica DIF de la mujer en San Pablo de las Salinas.<\/p>\n<p>Dichas obras son supervisadas personalmente por el edil el cual destac\u00f3 que la importancia de tener calles pavimentadas es para que la ciudadan\u00eda tenga una mejor calidad de vida en infraestructura la cual est\u00e1 basada en material de construcci\u00f3n hidr\u00e1ulico para mayor duraci\u00f3n de las obras.<\/p>\n<p>Cabe destacar que el primer punto de visita fue la readecuaci\u00f3n de la calle Vicente Guerrero en su primera etapa en el pueblo de San Pablo de las Salinas, la cual tendr\u00e1 una inversi\u00f3n de 3 millones 346 mil 548 pesos, siguiendo con el arranque de obra del centro de salud o unidad m\u00e9dica DIF \u201cCl\u00ednica de la mujer consultorio m\u00e9dico\u201d ubicada en calle Oaxaca de San Pablo de las Salinas obra que beneficiara a m\u00e1s de 10 mil mujeres tultitlenses.<\/p>\n<p>Posteriormente, se dio banderazo de arranque de obra en la calle; segunda cerrada sur en la colonia Independencia, la cual se destaca por ser recurso propio con una inversi\u00f3n mayor a 1 mill\u00f3n de pesos.<\/p>\n<p>En tanto la colonia Solidaridad tercera secci\u00f3n, se inaugur\u00f3 la pavimentaci\u00f3n de la calle Tlazala, obra que beneficiara a cerca de 10 mil habitantes de la zona.<\/p>\n<p>As\u00ed mismo, se entreg\u00f3 \u00a0la obra de pavimentaci\u00f3n de la calle Oro tramo de calle; segunda de Temoaya\u00a0 a calle Cuautitl\u00e1n Izcalli la cual tuvo una inversi\u00f3n de 700 mil pesos beneficiando a m\u00e1s de 5 mil ciudadanos.<\/p>\n<p>Entre los trabajos realizados de manera general, en cada obra se requiri\u00f3; \u00a0\u00a0el trazo y nivelaci\u00f3n de calle, construcci\u00f3n de base hidr\u00e1ulica, reductores de velocidad, construcci\u00f3n de registros, pintura, guarniciones, banqueta, descargas sanitarias, entre otros trabajos.<\/p>\n<p>&nbsp;<\/p>\n","protected":false},"excerpt":{"rendered":"<p>Con el firme compromiso de contribuir a mejorar la imagen urbana  que favorezcan la infraestructura del municipio, as\u00ed como a sus habitantes, el gobierno municipal encabezado por el maestro en administraci\u00f3n p\u00fablica, Jorge Ad\u00e1n Barr\u00f3n Elizalde, en colaboraci\u00f3n con la Direcci\u00f3n General de Obras P\u00fablicas, llevaron a cabo arranques de obras en distintas calles de la demarcaci\u00f3n y de la unidad m\u00e9dica DIF de la mujer en San Pablo de las Salinas.<\/p>\n","protected":false},"author":3,"featured_media":299155,"comment_status":"open","ping_status":"open","sticky":false,"template":"","format":"standard","meta":{"_monsterinsights_skip_tracking":false,"_monsterinsights_sitenote_active":false,"_monsterinsights_sitenote_note":"","_monsterinsights_sitenote_category":0,"footnotes":""},"categories":[35155],"tags":[43675,48077,13417,43692,578],"class_list":["post-299080","post","type-post","status-publish","format-standard","has-post-thumbnail","hentry","category-estado-de-mexico-estado-de-mexico","tag-estado-de-mexico","tag-jorge-adan-barron-elizalde","tag-obras","tag-salud","tag-tultitlan"],"_links":{"self":[{"href":"https:\/\/www.diarioimagen.net\/index.php?rest_route=\/wp\/v2\/posts\/299080","targetHints":{"allow":["GET"]}}],"collection":[{"href":"https:\/\/www.diarioimagen.net\/index.php?rest_route=\/wp\/v2\/posts"}],"about":[{"href":"https:\/\/www.diarioimagen.net\/index.php?rest_route=\/wp\/v2\/types\/post"}],"author":[{"embeddable":true,"href":"https:\/\/www.diarioimagen.net\/index.php?rest_route=\/wp\/v2\/users\/3"}],"replies":[{"embeddable":true,"href":"https:\/\/www.diarioimagen.net\/index.php?rest_route=%2Fwp%2Fv2%2Fcomments&post=299080"}],"version-history":[{"count":0,"href":"https:\/\/www.diarioimagen.net\/index.php?rest_route=\/wp\/v2\/posts\/299080\/revisions"}],"wp:featuredmedia":[{"embeddable":true,"href":"https:\/\/www.diarioimagen.net\/index.php?rest_route=\/wp\/v2\/media\/299155"}],"wp:attachment":[{"href":"https:\/\/www.diarioimagen.net\/index.php?rest_route=%2Fwp%2Fv2%2Fmedia&parent=299080"}],"wp:term":[{"taxonomy":"category","embeddable":true,"href":"https:\/\/www.diarioimagen.net\/index.php?rest_route=%2Fwp%2Fv2%2Fcategories&post=299080"},{"taxonomy":"post_tag","embeddable":true,"href":"https:\/\/www.diarioimagen.net\/index.php?rest_route=%2Fwp%2Fv2%2Ftags&post=299080"}],"curies":[{"name":"wp","href":"https:\/\/api.w.org\/{rel}","templated":true}]}}