{"id":299223,"date":"2016-11-17T18:00:08","date_gmt":"2016-11-18T00:00:08","guid":{"rendered":"http:\/\/www.diarioimagen.net\/?p=299223"},"modified":"2016-11-21T00:07:27","modified_gmt":"2016-11-21T06:07:27","slug":"crean-redes-comunitarias-para-prevenir-violencia-contra-la-mujeres","status":"publish","type":"post","link":"https:\/\/www.diarioimagen.net\/?p=299223","title":{"rendered":"Crean redes comunitarias para prevenir violencia contra la mujeres"},"content":{"rendered":"<ul>\n<li><em><strong>Funcionar\u00e1n a trav\u00e9s de 20 mujeres por cada municipio<\/strong><\/em><\/li>\n<\/ul>\n<p>&nbsp;<\/p>\n<div id=\"attachment_299224\" style=\"width: 470px\" class=\"wp-caption aligncenter\"><a href=\"http:\/\/www.diarioimagen.net\/?attachment_id=299224\" rel=\"attachment wp-att-299224\"><img loading=\"lazy\" decoding=\"async\" aria-describedby=\"caption-attachment-299224\" class=\"size-large wp-image-299224\" src=\"http:\/\/www.diarioimagen.net\/wp-content\/uploads\/2016\/11\/REDES18-portal-460x268.jpg\" alt=\"El CEMyBS conformar\u00e1 Redes Comunitarias para la Detecci\u00f3n, Apoyo y Referencia de casos de violencia de g\u00e9nero contra las mujeres. \" width=\"460\" height=\"268\" srcset=\"https:\/\/www.diarioimagen.net\/wp-content\/uploads\/2016\/11\/REDES18-portal-460x268.jpg 460w, https:\/\/www.diarioimagen.net\/wp-content\/uploads\/2016\/11\/REDES18-portal-240x140.jpg 240w, https:\/\/www.diarioimagen.net\/wp-content\/uploads\/2016\/11\/REDES18-portal.jpg 480w\" sizes=\"auto, (max-width: 460px) 100vw, 460px\" \/><\/a><p id=\"caption-attachment-299224\" class=\"wp-caption-text\">El CEMyBS conformar\u00e1 Redes Comunitarias para la Detecci\u00f3n, Apoyo y Referencia de casos de violencia de g\u00e9nero contra las mujeres.<\/p><\/div>\n<p>&nbsp;<\/p>\n<p><strong>Toluca, Estado de M\u00e9xico<\/strong>.- El Consejo Estatal de la Mujer y Bienestar Social (CEMyBS), con apoyo del Programa de Apoyo a Instancias de las Mujeres en las Entidades Federativas (PAIMEF), conformar\u00e1 Redes Comunitarias para la Detecci\u00f3n, Apoyo y Referencia de casos de violencia de g\u00e9nero contra las mujeres.<\/p>\n<p>Norma Ponce Orozco, vocal ejecutiva del CEMyBS, se\u00f1al\u00f3 que las redes funcionar\u00e1n a trav\u00e9s de 20 mujeres por cada municipio, las cuales ser\u00e1n previamente capacitadas en tres talleres con duraci\u00f3n de 32 horas cada uno, sin embargo, el proyecto est\u00e1 pensado para que la red de mujeres pueda pasar la informaci\u00f3n a otras personas y crezca.<\/p>\n<p>\u201cGracias a estas capacitaciones, las mujeres l\u00edderes y voluntarias comunitarias podr\u00e1n no s\u00f3lo brindar apoyo a otras mujeres de su comunidad v\u00edctimas de violencia, sino tambi\u00e9n crear modelos para la detecci\u00f3n, apoyo, canalizaci\u00f3n y fortalecimiento de mujeres y ni\u00f1as en situaci\u00f3n de violencia en el Estado de M\u00e9xico\u201d, recalc\u00f3.<\/p>\n<p>Las redes ser\u00e1n formadas en la primera etapa en los municipios de Ecatepec, Tultitl\u00e1n y Valle de Chalco y se espera que para el 2017 est\u00e9n constituidas en los 11 municipios de la entidad con Declaratoria de Alerta de G\u00e9nero.<\/p>\n<p>Destac\u00f3 que este tipo de proyecto ya se ejecuta en estados como Guanajuato, Oaxaca y Puebla, entre otros.<\/p>\n","protected":false},"excerpt":{"rendered":"<p>El Consejo Estatal de la Mujer y Bienestar Social (CEMyBS), con apoyo del Programa de Apoyo a Instancias de las Mujeres en las Entidades Federativas (PAIMEF), conformar\u00e1 Redes Comunitarias para la Detecci\u00f3n, Apoyo y Referencia de casos de violencia de g\u00e9nero contra las mujeres.<\/p>\n","protected":false},"author":5,"featured_media":299224,"comment_status":"open","ping_status":"open","sticky":false,"template":"","format":"standard","meta":{"_monsterinsights_skip_tracking":false,"_monsterinsights_sitenote_active":false,"_monsterinsights_sitenote_note":"","_monsterinsights_sitenote_category":0,"footnotes":""},"categories":[35155],"tags":[454,43675,452],"class_list":["post-299223","post","type-post","status-publish","format-standard","has-post-thumbnail","hentry","category-estado-de-mexico-estado-de-mexico","tag-ecatepec","tag-estado-de-mexico","tag-toluca"],"_links":{"self":[{"href":"https:\/\/www.diarioimagen.net\/index.php?rest_route=\/wp\/v2\/posts\/299223","targetHints":{"allow":["GET"]}}],"collection":[{"href":"https:\/\/www.diarioimagen.net\/index.php?rest_route=\/wp\/v2\/posts"}],"about":[{"href":"https:\/\/www.diarioimagen.net\/index.php?rest_route=\/wp\/v2\/types\/post"}],"author":[{"embeddable":true,"href":"https:\/\/www.diarioimagen.net\/index.php?rest_route=\/wp\/v2\/users\/5"}],"replies":[{"embeddable":true,"href":"https:\/\/www.diarioimagen.net\/index.php?rest_route=%2Fwp%2Fv2%2Fcomments&post=299223"}],"version-history":[{"count":0,"href":"https:\/\/www.diarioimagen.net\/index.php?rest_route=\/wp\/v2\/posts\/299223\/revisions"}],"wp:featuredmedia":[{"embeddable":true,"href":"https:\/\/www.diarioimagen.net\/index.php?rest_route=\/wp\/v2\/media\/299224"}],"wp:attachment":[{"href":"https:\/\/www.diarioimagen.net\/index.php?rest_route=%2Fwp%2Fv2%2Fmedia&parent=299223"}],"wp:term":[{"taxonomy":"category","embeddable":true,"href":"https:\/\/www.diarioimagen.net\/index.php?rest_route=%2Fwp%2Fv2%2Fcategories&post=299223"},{"taxonomy":"post_tag","embeddable":true,"href":"https:\/\/www.diarioimagen.net\/index.php?rest_route=%2Fwp%2Fv2%2Ftags&post=299223"}],"curies":[{"name":"wp","href":"https:\/\/api.w.org\/{rel}","templated":true}]}}