{"id":299279,"date":"2016-11-18T00:06:30","date_gmt":"2016-11-18T06:06:30","guid":{"rendered":"http:\/\/www.diarioimagen.net\/?p=299279"},"modified":"2016-11-18T04:21:41","modified_gmt":"2016-11-18T10:21:41","slug":"se-quejan-trabajadores-por-clima-de-inseguridad-en-valle-de-mexico","status":"publish","type":"post","link":"https:\/\/www.diarioimagen.net\/?p=299279","title":{"rendered":"Se quejan trabajadores por clima de inseguridad en Valle de M\u00e9xico"},"content":{"rendered":"<ul>\n<li><strong><em>Denuncia el l\u00edder regional de la CTM<\/em><\/strong><\/li>\n<\/ul>\n<p>&nbsp;<\/p>\n<div id=\"attachment_299373\" style=\"width: 470px\" class=\"wp-caption aligncenter\"><a href=\"http:\/\/www.diarioimagen.net\/?attachment_id=299373\" rel=\"attachment wp-att-299373\"><img loading=\"lazy\" decoding=\"async\" aria-describedby=\"caption-attachment-299373\" class=\"size-large wp-image-299373\" src=\"http:\/\/www.diarioimagen.net\/wp-content\/uploads\/2016\/11\/TLALNEPANTLA-3000-1-460x259.jpg\" alt=\"\u00a0Janitzio Soto Elguera, l\u00edder regional de la CTM en el Valle de M\u00e9xico, habl\u00f3 sobre el clima de inseguridad que prevalece en perjuicio de kis trabajadores.\" width=\"460\" height=\"259\" srcset=\"https:\/\/www.diarioimagen.net\/wp-content\/uploads\/2016\/11\/TLALNEPANTLA-3000-1-460x259.jpg 460w, https:\/\/www.diarioimagen.net\/wp-content\/uploads\/2016\/11\/TLALNEPANTLA-3000-1-240x135.jpg 240w, https:\/\/www.diarioimagen.net\/wp-content\/uploads\/2016\/11\/TLALNEPANTLA-3000-1-235x132.jpg 235w, https:\/\/www.diarioimagen.net\/wp-content\/uploads\/2016\/11\/TLALNEPANTLA-3000-1-202x114.jpg 202w, https:\/\/www.diarioimagen.net\/wp-content\/uploads\/2016\/11\/TLALNEPANTLA-3000-1-350x196.jpg 350w, https:\/\/www.diarioimagen.net\/wp-content\/uploads\/2016\/11\/TLALNEPANTLA-3000-1-220x123.jpg 220w, https:\/\/www.diarioimagen.net\/wp-content\/uploads\/2016\/11\/TLALNEPANTLA-3000-1-237x132.jpg 237w, https:\/\/www.diarioimagen.net\/wp-content\/uploads\/2016\/11\/TLALNEPANTLA-3000-1.jpg 480w\" sizes=\"auto, (max-width: 460px) 100vw, 460px\" \/><\/a><p id=\"caption-attachment-299373\" class=\"wp-caption-text\">Janitzio Soto Elguera, l\u00edder regional de la CTM en el Valle de M\u00e9xico, habl\u00f3 sobre el clima de inseguridad que prevalece en perjuicio de kis trabajadores.<\/p><\/div>\n<p>&nbsp;<\/p>\n<p><strong>Tlalnepantla, Estado de M\u00e9xico<\/strong>.- Hay preocupaci\u00f3n y malestar entre la clase trabajadora por el clima de inseguridad generalizado que se vive, ya que la delincuencia incrementa sus acciones contra los obreros en las afueras de las empresas donde laboran, denunci\u00f3 el l\u00edder regional de la CTM en el Valle de M\u00e9xico, Janitzio Soto Elguera.<\/p>\n<p>Explic\u00f3 al lanzar p\u00fablicamente un SOS, que se atraca a los trabajadores cuando salen o entran en sus turnos de noche, sin que la polic\u00eda intervenga, a pesar de la infinidad de denuncias que se han venido haciendo.<\/p>\n<p>Muchos de esos asaltos, dijo, son cometidos por supuestos elementos policiacos, ya que a veces llevan los gafetes puestos y ni siquiera se cuidan de ocultar las placas de los autom\u00f3viles en que viajan.<\/p>\n<p>Por ello urge, que intervenga el propio gobernador Eruviel \u00c1vila, pues la situaci\u00f3n de inseguridad es insoportable. Y pidi\u00f3 la reestructuraci\u00f3n, la depuraci\u00f3n y el reforzamiento\u00a0 de los cuerpos de polic\u00eda, a los que debe dot\u00e1rsele de mejor armamento y darles una mejor preparaci\u00f3n.<\/p>\n<p>Soto Elguera, l\u00edder de Organizaciones Sindicales Fidel Vel\u00e1zquez, agreg\u00f3 que hay necesidad de proteger a los trabajadores, m\u00e1s ahora que se aproximan las fechas en que reciben adem\u00e1s de su salario, adelantos de su aguinaldo anual, temi\u00e9ndose que los asaltos se multipliquen a\u00fan m\u00e1s.<\/p>\n<p>Hizo ver que es el momento de que las autoridades de Seguridad Publica estatales y municipales, pidan m\u00e1s refuerzos de las Secretar\u00edas de Marina y de la Defensa Nacional, as\u00ed como de las instituciones federales del ramo.<\/p>\n<p>Entre otras cosas, insisti\u00f3 el dirigente, tienen que realizarse de forma continua patrullajes en los alrededores de los centros de trabajo, d\u00eda y noche, poni\u00e9ndose m\u00e1s empe\u00f1o en las horas de entrada-salida de los turnos nocturnos de todos los municipios del Estado de M\u00e9xico.<\/p>\n<p>Inclusive, deben de programarse no s\u00f3lo recorridos de las patrullas, sino tambi\u00e9n vigilancia especial permanente en los centros empresariales donde hay m\u00e1s trabajadores o que est\u00e1n m\u00e1s aislados.<\/p>\n<p>&nbsp;<\/p>\n","protected":false},"excerpt":{"rendered":"<p> Hay preocupaci\u00f3n y malestar entre la clase trabajadora por el clima de inseguridad generalizado que se vive, ya que la delincuencia incrementa sus acciones contra los obreros en las afueras de las empresas donde laboran, denunci\u00f3 el l\u00edder regional de la CTM en el Valle de M\u00e9xico, Janitzio Soto Elguera.<\/p>\n","protected":false},"author":3,"featured_media":299373,"comment_status":"open","ping_status":"open","sticky":false,"template":"","format":"standard","meta":{"_monsterinsights_skip_tracking":false,"_monsterinsights_sitenote_active":false,"_monsterinsights_sitenote_note":"","_monsterinsights_sitenote_category":0,"footnotes":""},"categories":[35155],"tags":[14047,43675,1803,169],"class_list":["post-299279","post","type-post","status-publish","format-standard","has-post-thumbnail","hentry","category-estado-de-mexico-estado-de-mexico","tag-clima","tag-estado-de-mexico","tag-inseguridad","tag-tlalnepantla"],"_links":{"self":[{"href":"https:\/\/www.diarioimagen.net\/index.php?rest_route=\/wp\/v2\/posts\/299279","targetHints":{"allow":["GET"]}}],"collection":[{"href":"https:\/\/www.diarioimagen.net\/index.php?rest_route=\/wp\/v2\/posts"}],"about":[{"href":"https:\/\/www.diarioimagen.net\/index.php?rest_route=\/wp\/v2\/types\/post"}],"author":[{"embeddable":true,"href":"https:\/\/www.diarioimagen.net\/index.php?rest_route=\/wp\/v2\/users\/3"}],"replies":[{"embeddable":true,"href":"https:\/\/www.diarioimagen.net\/index.php?rest_route=%2Fwp%2Fv2%2Fcomments&post=299279"}],"version-history":[{"count":0,"href":"https:\/\/www.diarioimagen.net\/index.php?rest_route=\/wp\/v2\/posts\/299279\/revisions"}],"wp:featuredmedia":[{"embeddable":true,"href":"https:\/\/www.diarioimagen.net\/index.php?rest_route=\/wp\/v2\/media\/299373"}],"wp:attachment":[{"href":"https:\/\/www.diarioimagen.net\/index.php?rest_route=%2Fwp%2Fv2%2Fmedia&parent=299279"}],"wp:term":[{"taxonomy":"category","embeddable":true,"href":"https:\/\/www.diarioimagen.net\/index.php?rest_route=%2Fwp%2Fv2%2Fcategories&post=299279"},{"taxonomy":"post_tag","embeddable":true,"href":"https:\/\/www.diarioimagen.net\/index.php?rest_route=%2Fwp%2Fv2%2Ftags&post=299279"}],"curies":[{"name":"wp","href":"https:\/\/api.w.org\/{rel}","templated":true}]}}