{"id":299311,"date":"2016-11-18T00:01:34","date_gmt":"2016-11-18T06:01:34","guid":{"rendered":"http:\/\/www.diarioimagen.net\/?p=299311"},"modified":"2016-11-18T04:40:00","modified_gmt":"2016-11-18T10:40:00","slug":"establece-uaem-lazos-de-colaboracion-con-la-agencia-espacial-mexicana","status":"publish","type":"post","link":"https:\/\/www.diarioimagen.net\/?p=299311","title":{"rendered":"Establece UAEM lazos de colaboraci\u00f3n con la Agencia Espacial Mexicana"},"content":{"rendered":"<div id=\"attachment_299394\" style=\"width: 470px\" class=\"wp-caption aligncenter\"><a href=\"http:\/\/www.diarioimagen.net\/?attachment_id=299394\" rel=\"attachment wp-att-299394\"><img loading=\"lazy\" decoding=\"async\" aria-describedby=\"caption-attachment-299394\" class=\"size-large wp-image-299394\" src=\"http:\/\/www.diarioimagen.net\/wp-content\/uploads\/2016\/11\/UAEM-3000-460x259.jpg\" alt=\"Logra PGJ detener a un hombre relacionado con al menos 9 violaciones. Operaba en la zona de Tlalpan.\" width=\"460\" height=\"259\" srcset=\"https:\/\/www.diarioimagen.net\/wp-content\/uploads\/2016\/11\/UAEM-3000-460x259.jpg 460w, https:\/\/www.diarioimagen.net\/wp-content\/uploads\/2016\/11\/UAEM-3000-240x135.jpg 240w, https:\/\/www.diarioimagen.net\/wp-content\/uploads\/2016\/11\/UAEM-3000-235x132.jpg 235w, https:\/\/www.diarioimagen.net\/wp-content\/uploads\/2016\/11\/UAEM-3000-202x114.jpg 202w, https:\/\/www.diarioimagen.net\/wp-content\/uploads\/2016\/11\/UAEM-3000-350x196.jpg 350w, https:\/\/www.diarioimagen.net\/wp-content\/uploads\/2016\/11\/UAEM-3000-220x123.jpg 220w, https:\/\/www.diarioimagen.net\/wp-content\/uploads\/2016\/11\/UAEM-3000-237x132.jpg 237w, https:\/\/www.diarioimagen.net\/wp-content\/uploads\/2016\/11\/UAEM-3000.jpg 480w\" sizes=\"auto, (max-width: 460px) 100vw, 460px\" \/><\/a><p id=\"caption-attachment-299394\" class=\"wp-caption-text\">Logra PGJ detener a un hombre relacionado con al menos 9 violaciones. Operaba en la zona de Tlalpan.<\/p><\/div>\n<p>&nbsp;<\/p>\n<p>En un hecho in\u00e9dito, el rector de la Universidad Aut\u00f3noma del Estado de M\u00e9xico, Jorge Olvera Garc\u00eda, y el director general de la Agencia Espacial Mexicana (AEM), Francisco Javier Mendieta Jim\u00e9nez, firmaron un Convenio General de Colaboraci\u00f3n que permitir\u00e1 la cooperaci\u00f3n y el trabajo conjunto.<\/p>\n<p>En el marco de esta firma, colocaron la primera piedra del edificio de posgrado de la Facultad de Geograf\u00eda, que tendr\u00e1 una inversi\u00f3n cercana a los 10 millones de pesos.<\/p>\n","protected":false},"excerpt":{"rendered":"<p>En un hecho in\u00e9dito, el rector de la Universidad Aut\u00f3noma del Estado de M\u00e9xico, Jorge Olvera Garc\u00eda, y el director general de la Agencia Espacial Mexicana (AEM), Francisco Javier Mendieta Jim\u00e9nez, firmaron un Convenio General de Colaboraci\u00f3n que permitir\u00e1 la cooperaci\u00f3n y el trabajo conjunto.<\/p>\n","protected":false},"author":3,"featured_media":299394,"comment_status":"open","ping_status":"open","sticky":false,"template":"","format":"standard","meta":{"_monsterinsights_skip_tracking":false,"_monsterinsights_sitenote_active":false,"_monsterinsights_sitenote_note":"","_monsterinsights_sitenote_category":0,"footnotes":""},"categories":[35155],"tags":[43675,1491],"class_list":["post-299311","post","type-post","status-publish","format-standard","has-post-thumbnail","hentry","category-estado-de-mexico-estado-de-mexico","tag-estado-de-mexico","tag-uaem"],"_links":{"self":[{"href":"https:\/\/www.diarioimagen.net\/index.php?rest_route=\/wp\/v2\/posts\/299311","targetHints":{"allow":["GET"]}}],"collection":[{"href":"https:\/\/www.diarioimagen.net\/index.php?rest_route=\/wp\/v2\/posts"}],"about":[{"href":"https:\/\/www.diarioimagen.net\/index.php?rest_route=\/wp\/v2\/types\/post"}],"author":[{"embeddable":true,"href":"https:\/\/www.diarioimagen.net\/index.php?rest_route=\/wp\/v2\/users\/3"}],"replies":[{"embeddable":true,"href":"https:\/\/www.diarioimagen.net\/index.php?rest_route=%2Fwp%2Fv2%2Fcomments&post=299311"}],"version-history":[{"count":0,"href":"https:\/\/www.diarioimagen.net\/index.php?rest_route=\/wp\/v2\/posts\/299311\/revisions"}],"wp:featuredmedia":[{"embeddable":true,"href":"https:\/\/www.diarioimagen.net\/index.php?rest_route=\/wp\/v2\/media\/299394"}],"wp:attachment":[{"href":"https:\/\/www.diarioimagen.net\/index.php?rest_route=%2Fwp%2Fv2%2Fmedia&parent=299311"}],"wp:term":[{"taxonomy":"category","embeddable":true,"href":"https:\/\/www.diarioimagen.net\/index.php?rest_route=%2Fwp%2Fv2%2Fcategories&post=299311"},{"taxonomy":"post_tag","embeddable":true,"href":"https:\/\/www.diarioimagen.net\/index.php?rest_route=%2Fwp%2Fv2%2Ftags&post=299311"}],"curies":[{"name":"wp","href":"https:\/\/api.w.org\/{rel}","templated":true}]}}