{"id":299343,"date":"2016-11-18T00:08:21","date_gmt":"2016-11-18T06:08:21","guid":{"rendered":"http:\/\/www.diarioimagen.net\/?p=299343"},"modified":"2016-11-21T04:59:35","modified_gmt":"2016-11-21T10:59:35","slug":"veracruz-entre-el-caos-y-la-anarquia","status":"publish","type":"post","link":"https:\/\/www.diarioimagen.net\/?p=299343","title":{"rendered":"Veracruz, entre el caos y la anarqu\u00eda"},"content":{"rendered":"<h2>De frente y de perfil<\/h2>\n<h5>Ram\u00f3n Zurita Sahag\u00fan<\/h5>\n<p>&nbsp;<\/p>\n<div id=\"attachment_299406\" style=\"width: 470px\" class=\"wp-caption aligncenter\"><a href=\"http:\/\/www.diarioimagen.net\/?attachment_id=299406\" rel=\"attachment wp-att-299406\"><img loading=\"lazy\" decoding=\"async\" aria-describedby=\"caption-attachment-299406\" class=\"size-large wp-image-299406\" src=\"http:\/\/www.diarioimagen.net\/wp-content\/uploads\/2016\/11\/ZURITA-3000-460x259.jpg\" alt=\"El gobernador interino, Flavino R\u00edos Alvarado, fue menospreciado desde un inicio por el gobernador electo, Miguel \u00c1ngel Yunes Linares.\" width=\"460\" height=\"259\" srcset=\"https:\/\/www.diarioimagen.net\/wp-content\/uploads\/2016\/11\/ZURITA-3000-460x259.jpg 460w, https:\/\/www.diarioimagen.net\/wp-content\/uploads\/2016\/11\/ZURITA-3000-240x135.jpg 240w, https:\/\/www.diarioimagen.net\/wp-content\/uploads\/2016\/11\/ZURITA-3000-235x132.jpg 235w, https:\/\/www.diarioimagen.net\/wp-content\/uploads\/2016\/11\/ZURITA-3000-202x114.jpg 202w, https:\/\/www.diarioimagen.net\/wp-content\/uploads\/2016\/11\/ZURITA-3000-350x196.jpg 350w, https:\/\/www.diarioimagen.net\/wp-content\/uploads\/2016\/11\/ZURITA-3000-220x123.jpg 220w, https:\/\/www.diarioimagen.net\/wp-content\/uploads\/2016\/11\/ZURITA-3000-237x132.jpg 237w, https:\/\/www.diarioimagen.net\/wp-content\/uploads\/2016\/11\/ZURITA-3000.jpg 480w\" sizes=\"auto, (max-width: 460px) 100vw, 460px\" \/><\/a><p id=\"caption-attachment-299406\" class=\"wp-caption-text\">El gobernador interino, Flavino R\u00edos Alvarado, fue menospreciado desde un inicio por el gobernador electo, Miguel \u00c1ngel Yunes Linares.<\/p><\/div>\n<p>&nbsp;<\/p>\n<p>Flavino R\u00edos Alvarado jam\u00e1s podr\u00e1 olvidar los 48 d\u00edas m\u00e1s aciagos de su existencia y las consecuencias que ello le podr\u00eda traer.<\/p>\n<p>Dos veces pretendi\u00f3 ser candidato del PRI al gobierno de Veracruz (2004 y 2016), en funciones de secretario de Gobierno y cuando menos lo esperaba se convirti\u00f3 en gobernador del estado.<\/p>\n<p>Sin embargo, los 48 d\u00edas que le tocaron, se convirtieron en un martirio, con diferentes flancos abiertos y con la \u00b4presentaci\u00f3n de una serie de facturas que no le corresponden.<\/p>\n<p>El gobernador interino de Veracruz fue menospreciado desde un inicio por quien se sab\u00eda triunfador, el gobernador electo, Miguel \u00c1ngel Yunes Linares.<\/p>\n<p>Yunes Linares emergi\u00f3 como el ganador de las pulsadas jugadas con el entonces gobernador Javier Duarte de Ochoa, donde uno y otro se acusaron de corruptos y se denunciaron ante las autoridades correspondientes.<\/p>\n<p>Duarte de Ochoa solicit\u00f3 licencia y ante la emergencia, Flavino fue habilitado como gobernador interino por el Congreso del estado.<\/p>\n<p>Sin embargo, la tormenta se ve\u00eda venir, el gobernador con licencia pr\u00f3fugo y acusado de delitos varios, entre ellos, corrupci\u00f3n, desv\u00edo de recursos, delincuencia organizada y otros il\u00edcitos m\u00e1s.<\/p>\n<p>Pero la principal preocupaci\u00f3n del nuevo gobernante radic\u00f3 en los recursos con lo que habr\u00eda que cubrir los compromisos m\u00e1s inmediatos.<\/p>\n<p>Entre ellos, el salario de los empleados de salud, maestros, polic\u00edas y otros sectores m\u00e1s.<\/p>\n<p>La primera quincena, los recursos fluyeron, pero conforme se acerca la terminaci\u00f3n de la administraci\u00f3n iniciada por Javier Duarte y concluida por Flavino R\u00edos, los recursos se agotaron y los problemas crecieron.<\/p>\n<p>El caos y la anarqu\u00eda privan en Veracruz, donde una sociedad enojada y descompuesta espera el t\u00e9rmino de la jerarqu\u00eda pri\u00edsta, que durante 87 a\u00f1os domin\u00f3 el gobierno estatal, bajo los emblemas de los distintos nombres del partido tricolor.<\/p>\n<p>Mientras tanto, las protestas ciudadanas y hasta la de los pol\u00edticos que no son afines al partido tricolor se hacen patente en los distintos escenarios.<\/p>\n<p>Xalapa fue descrita, hace unos d\u00edas por el gobernador interino, como un s\u00edmil de la Ciudad de M\u00e9xico, donde las protestas llevan a que los obreros, maestros y trabajadores de todo tipo, salgan a la calle en incontables manifestaciones, sin que obtengan respuestas favorables a sus demandas.<\/p>\n<p>La Casa de Gobierno y el Palacio de Gobierno fueron tomados por alcaldes inconformes por no recibir las percepciones alas que ten\u00edan derecho sus municipios, mismas que si recibi\u00f3 el gobierno estatal y fueron destinadas a otros rubros.<\/p>\n<p>En medio de todo esto, la violencia contin\u00faa presente, causando estragos en la sociedad, la que advierte como se desmorona una serie de satisfactores de los que gozaron en el pasado reciente.<\/p>\n<p>La descomposici\u00f3n de Veracruz no es solamente en lo concerniente a lo que se llevaron sus gobernantes, sino al agotamiento de los recursos financieros, donde los empleados de gobierno resultan perjudicados, mientras que los proveedores tendr\u00e1n que esperar largos tiempo para cobrar sus facturas.<\/p>\n<p>Es cierto que Javier Duarte es buscado para que responda por todos los atropellos cometidos, pero tambi\u00e9n que hay otros corresponsables en este atraco que se hizo a la poblaci\u00f3n veracruzana, por lo que la lista de personas indiciadas podr\u00eda aumentar.<\/p>\n<p>Son varios los diputados federales en funciones y diputados al Congreso del estado que saben que el fuero los protege, pero que en cualquier momento podr\u00edan ser desaforados, si as\u00ed lo amerita alguno de los delitos que se les son endosados, especialmente en lo correspondiente a las empresas fantasma, con las que trabajaron algunas de las secretar\u00eda entonces a su cargo.<\/p>\n<p>El saqueo de las finanzas p\u00fablicas de Veracruz es uno de los peores cometidos por un gobierno estatal, por lo que las sanciones deben llegara hasta el \u00faltimo implicado con el abuso y beneficiados con los recursos del gobierno.<\/p>\n<p>Los nombres de los presuntos implicados son sumamente conocidos y van desde Jorge Carvallo Delf\u00edn, ex secretario particular de Duarte de Ochoa; pasando por Alberto Silva Ramos, ex secretario de Desarrollo Social y ex vocero del gobierno estatal; Eric Lagos, ex secretario de Gobierno; Adolfo Mota, ex secretario de Educaci\u00f3n, pasando Antonio Tarek Abdal\u00e1; Edgar Spinoso, ex subsecretario de Finanzas y ex oficial mayor de Educaci\u00f3n, entre otros diputados federales y los ya consabidos Juan Manuel del Castillo y Vicente Ben\u00edtez, del Congreso del estado, se\u00f1alados en ocasiones varias por presunto enriquecimiento desde el poder.<\/p>\n<p>La historia de Veracruz todav\u00eda se est\u00e1 escribiendo y se espera que el 1 de diciembre, al tomar posesi\u00f3n Miguel \u00c1ngel Yunes, d\u00e9 a conocer la informaci\u00f3n con que cuenta, que dijo cimbrar\u00eda, no solamente al estado, sino al pa\u00eds, sobre las historia de corrupci\u00f3n, documentadas con que cuenta.<\/p>\n<p>De no hacerlo, mal empezar\u00eda la administraci\u00f3n de Yunes Linares, quien levant\u00f3 grandes simpat\u00edas en campa\u00f1a por la bandera de la moralidad usada, en a que se establec\u00eda la acci\u00f3n penal en contra del entonces gobernador Javier Duarte de Ochoa y otros funcionarios que lo acompa\u00f1aban en su gabinete.<\/p>\n<p>La jugada realizada con los alcaldes del PAN y PRD que se mantuvieron en protesta durante quince d\u00edas, tomando Palacio y Casa de Gobierno fue encabezada por el alcalde de Boca R\u00edo, su hijo Miguel \u00c1ngel, quien est\u00e1 ubicado como el sucesor de su padre dentro de dos a\u00f1os.<\/p>\n<p>Por eso se preguntan si los recursos que les debe el gobierno del estado no les son asignados pronto, como demandan, \u00bfse atrever\u00edan a tomar nuevamente ambas oficinas, ya con Miguel \u00c1ngel Yunes Linares como gobernador?<\/p>\n<p><em><a href=\"mailto:ramonzurita44@hotmail.com\" target=\"_blank\">ramonzurita44@hotmail.com<\/a><\/em><br \/>\n<a href=\"mailto:%20zurita_sahagun@hotmail.com\" target=\"_blank\"><em>zurita_sahagun@hotmail.com<\/em><\/a><\/p>\n","protected":false},"excerpt":{"rendered":"<p><span style=\"color: #005497;\"><strong>Ram\u00f3n Zurita Sahag\u00fan<\/strong><\/span><br \/>\n<br \/>\nFlavino R\u00edos Alvarado jam\u00e1s podr\u00e1 olvidar los 48 d\u00edas m\u00e1s aciagos de su existencia y las consecuencias que ello le podr\u00eda traer.<\/p>\n","protected":false},"author":3,"featured_media":299406,"comment_status":"open","ping_status":"open","sticky":false,"template":"","format":"standard","meta":{"_monsterinsights_skip_tracking":false,"_monsterinsights_sitenote_active":false,"_monsterinsights_sitenote_note":"","_monsterinsights_sitenote_category":0,"footnotes":""},"categories":[234],"tags":[304,43674,43687],"class_list":["post-299343","post","type-post","status-publish","format-standard","has-post-thumbnail","hentry","category-ramon-zurita-sahagun","tag-de-frente-y-de-perfil","tag-opinion","tag-ramon-zurita-sahagun"],"_links":{"self":[{"href":"https:\/\/www.diarioimagen.net\/index.php?rest_route=\/wp\/v2\/posts\/299343","targetHints":{"allow":["GET"]}}],"collection":[{"href":"https:\/\/www.diarioimagen.net\/index.php?rest_route=\/wp\/v2\/posts"}],"about":[{"href":"https:\/\/www.diarioimagen.net\/index.php?rest_route=\/wp\/v2\/types\/post"}],"author":[{"embeddable":true,"href":"https:\/\/www.diarioimagen.net\/index.php?rest_route=\/wp\/v2\/users\/3"}],"replies":[{"embeddable":true,"href":"https:\/\/www.diarioimagen.net\/index.php?rest_route=%2Fwp%2Fv2%2Fcomments&post=299343"}],"version-history":[{"count":0,"href":"https:\/\/www.diarioimagen.net\/index.php?rest_route=\/wp\/v2\/posts\/299343\/revisions"}],"wp:featuredmedia":[{"embeddable":true,"href":"https:\/\/www.diarioimagen.net\/index.php?rest_route=\/wp\/v2\/media\/299406"}],"wp:attachment":[{"href":"https:\/\/www.diarioimagen.net\/index.php?rest_route=%2Fwp%2Fv2%2Fmedia&parent=299343"}],"wp:term":[{"taxonomy":"category","embeddable":true,"href":"https:\/\/www.diarioimagen.net\/index.php?rest_route=%2Fwp%2Fv2%2Fcategories&post=299343"},{"taxonomy":"post_tag","embeddable":true,"href":"https:\/\/www.diarioimagen.net\/index.php?rest_route=%2Fwp%2Fv2%2Ftags&post=299343"}],"curies":[{"name":"wp","href":"https:\/\/api.w.org\/{rel}","templated":true}]}}