{"id":299507,"date":"2016-11-21T00:01:21","date_gmt":"2016-11-21T06:01:21","guid":{"rendered":"http:\/\/www.diarioimagen.net\/?p=299507"},"modified":"2016-11-21T08:45:17","modified_gmt":"2016-11-21T14:45:17","slug":"administracion-2013-2017-no-renuncia-a-su-compromiso-con-la-comunidad-uaem","status":"publish","type":"post","link":"https:\/\/www.diarioimagen.net\/?p=299507","title":{"rendered":"Administraci\u00f3n 2013-2017 no renuncia a su compromiso con la comunidad UAEM"},"content":{"rendered":"<div id=\"attachment_299633\" style=\"width: 470px\" class=\"wp-caption aligncenter\"><a href=\"http:\/\/www.diarioimagen.net\/?attachment_id=299633\" rel=\"attachment wp-att-299633\"><img loading=\"lazy\" decoding=\"async\" aria-describedby=\"caption-attachment-299633\" class=\"size-large wp-image-299633\" src=\"http:\/\/www.diarioimagen.net\/wp-content\/uploads\/2016\/11\/UAEM-3001-460x259.jpg\" alt=\"El beb\u00e9 recuperado que padece intolerancia a la lactosa y s\u00edndrome de DiGeorge, se encuentra bien.\" width=\"460\" height=\"259\" srcset=\"https:\/\/www.diarioimagen.net\/wp-content\/uploads\/2016\/11\/UAEM-3001-460x259.jpg 460w, https:\/\/www.diarioimagen.net\/wp-content\/uploads\/2016\/11\/UAEM-3001-240x135.jpg 240w, https:\/\/www.diarioimagen.net\/wp-content\/uploads\/2016\/11\/UAEM-3001-235x132.jpg 235w, https:\/\/www.diarioimagen.net\/wp-content\/uploads\/2016\/11\/UAEM-3001-202x114.jpg 202w, https:\/\/www.diarioimagen.net\/wp-content\/uploads\/2016\/11\/UAEM-3001-350x196.jpg 350w, https:\/\/www.diarioimagen.net\/wp-content\/uploads\/2016\/11\/UAEM-3001-220x123.jpg 220w, https:\/\/www.diarioimagen.net\/wp-content\/uploads\/2016\/11\/UAEM-3001-237x132.jpg 237w, https:\/\/www.diarioimagen.net\/wp-content\/uploads\/2016\/11\/UAEM-3001.jpg 480w\" sizes=\"auto, (max-width: 460px) 100vw, 460px\" \/><\/a><p id=\"caption-attachment-299633\" class=\"wp-caption-text\">El beb\u00e9 recuperado que padece intolerancia a la lactosa y s\u00edndrome de DiGeorge, se encuentra bien.<\/p><\/div>\n<p>&nbsp;<\/p>\n<p>Pese a las restricciones presupuestales y venciendo inercias y obst\u00e1culos, la Administraci\u00f3n 2013-2017 de la Universidad Aut\u00f3noma del Estado de M\u00e9xico no renuncia a su compromiso con los estudiantes, acad\u00e9micos e investigadores, y mucho menos, con los trabajadores administrativos, fundamentales en la calidad de la oferta educativa de nivel medio y superior que ofrece la instituci\u00f3n, en beneficio de los j\u00f3venes y la sociedad en general. dijo su rector Jorge Olvera.<\/p>\n<p>&nbsp;<\/p>\n","protected":false},"excerpt":{"rendered":"<p>Pese a las restricciones presupuestales y venciendo inercias y obst\u00e1culos, la Administraci\u00f3n 2013-2017 de la Universidad Aut\u00f3noma del Estado de M\u00e9xico no renuncia a su compromiso con los estudiantes, acad\u00e9micos e investigadores, y mucho menos, con los trabajadores administrativos, fundamentales en la calidad de la oferta educativa de nivel medio y superior que ofrece la instituci\u00f3n, en beneficio de los j\u00f3venes y la sociedad en general. dijo su rector Jorge Olvera.<\/p>\n","protected":false},"author":3,"featured_media":299633,"comment_status":"open","ping_status":"open","sticky":false,"template":"","format":"standard","meta":{"_monsterinsights_skip_tracking":false,"_monsterinsights_sitenote_active":false,"_monsterinsights_sitenote_note":"","_monsterinsights_sitenote_category":0,"footnotes":""},"categories":[35155],"tags":[15135,54813,27015,1491],"class_list":["post-299507","post","type-post","status-publish","format-standard","has-post-thumbnail","hentry","category-estado-de-mexico-estado-de-mexico","tag-compromiso","tag-comunidad","tag-jorge-olvera-garcia","tag-uaem"],"_links":{"self":[{"href":"https:\/\/www.diarioimagen.net\/index.php?rest_route=\/wp\/v2\/posts\/299507","targetHints":{"allow":["GET"]}}],"collection":[{"href":"https:\/\/www.diarioimagen.net\/index.php?rest_route=\/wp\/v2\/posts"}],"about":[{"href":"https:\/\/www.diarioimagen.net\/index.php?rest_route=\/wp\/v2\/types\/post"}],"author":[{"embeddable":true,"href":"https:\/\/www.diarioimagen.net\/index.php?rest_route=\/wp\/v2\/users\/3"}],"replies":[{"embeddable":true,"href":"https:\/\/www.diarioimagen.net\/index.php?rest_route=%2Fwp%2Fv2%2Fcomments&post=299507"}],"version-history":[{"count":0,"href":"https:\/\/www.diarioimagen.net\/index.php?rest_route=\/wp\/v2\/posts\/299507\/revisions"}],"wp:featuredmedia":[{"embeddable":true,"href":"https:\/\/www.diarioimagen.net\/index.php?rest_route=\/wp\/v2\/media\/299633"}],"wp:attachment":[{"href":"https:\/\/www.diarioimagen.net\/index.php?rest_route=%2Fwp%2Fv2%2Fmedia&parent=299507"}],"wp:term":[{"taxonomy":"category","embeddable":true,"href":"https:\/\/www.diarioimagen.net\/index.php?rest_route=%2Fwp%2Fv2%2Fcategories&post=299507"},{"taxonomy":"post_tag","embeddable":true,"href":"https:\/\/www.diarioimagen.net\/index.php?rest_route=%2Fwp%2Fv2%2Ftags&post=299507"}],"curies":[{"name":"wp","href":"https:\/\/api.w.org\/{rel}","templated":true}]}}