{"id":299517,"date":"2016-11-21T00:02:17","date_gmt":"2016-11-21T06:02:17","guid":{"rendered":"http:\/\/www.diarioimagen.net\/?p=299517"},"modified":"2016-11-21T08:48:44","modified_gmt":"2016-11-21T14:48:44","slug":"detienen-a-tres-sujetos-por-el-delito-de-robo-a-casa-habitacion","status":"publish","type":"post","link":"https:\/\/www.diarioimagen.net\/?p=299517","title":{"rendered":"Detienen a tres sujetos por el delito de robo a casa-habitaci\u00f3n"},"content":{"rendered":"<ul>\n<li><strong><em>En la colonia San Francisco de As\u00eds, en Ecatepec<\/em><\/strong><\/li>\n<\/ul>\n<p>&nbsp;<\/p>\n<div id=\"attachment_299639\" style=\"width: 470px\" class=\"wp-caption aligncenter\"><a href=\"http:\/\/www.diarioimagen.net\/?attachment_id=299639\" rel=\"attachment wp-att-299639\"><img loading=\"lazy\" decoding=\"async\" aria-describedby=\"caption-attachment-299639\" class=\"size-large wp-image-299639\" src=\"http:\/\/www.diarioimagen.net\/wp-content\/uploads\/2016\/11\/ecatepec-3001-460x259.jpg\" alt=\"Los detenidos fueron identificados como \u00a0Fabi\u00e1n N de 27 a\u00f1os, Uriel N de 20 y Benjam\u00edn N de 24.\" width=\"460\" height=\"259\" srcset=\"https:\/\/www.diarioimagen.net\/wp-content\/uploads\/2016\/11\/ecatepec-3001-460x259.jpg 460w, https:\/\/www.diarioimagen.net\/wp-content\/uploads\/2016\/11\/ecatepec-3001-240x135.jpg 240w, https:\/\/www.diarioimagen.net\/wp-content\/uploads\/2016\/11\/ecatepec-3001-235x132.jpg 235w, https:\/\/www.diarioimagen.net\/wp-content\/uploads\/2016\/11\/ecatepec-3001-202x114.jpg 202w, https:\/\/www.diarioimagen.net\/wp-content\/uploads\/2016\/11\/ecatepec-3001-350x196.jpg 350w, https:\/\/www.diarioimagen.net\/wp-content\/uploads\/2016\/11\/ecatepec-3001-220x123.jpg 220w, https:\/\/www.diarioimagen.net\/wp-content\/uploads\/2016\/11\/ecatepec-3001-237x132.jpg 237w, https:\/\/www.diarioimagen.net\/wp-content\/uploads\/2016\/11\/ecatepec-3001.jpg 480w\" sizes=\"auto, (max-width: 460px) 100vw, 460px\" \/><\/a><p id=\"caption-attachment-299639\" class=\"wp-caption-text\">Los detenidos fueron identificados como \u00a0Fabi\u00e1n N de 27 a\u00f1os, Uriel N de 20 y Benjam\u00edn N de 24.<\/p><\/div>\n<p>&nbsp;<\/p>\n<p><strong>Ecatepec, Estado de M\u00e9xico<\/strong>.- Elementos de la Direcci\u00f3n de Seguridad Ciudadana y Vial detuvieron a tres sujetos en la colonia San Francisco de As\u00eds por su probable participaci\u00f3n en el delito de robo a casa-habitaci\u00f3n, quienes pretend\u00edan llevarse aparatos electr\u00f3nicos y una camioneta.<\/p>\n<p>Arturo Cano Centeno, titular de la corporaci\u00f3n, dijo que recibieron el reporte de los hechos a trav\u00e9s del Centro de Mando y de inmediato contactaron a los responsables del cuadrante, quienes al acudir al lugar, sobre la Avenida 8, encontraron un veh\u00edculo gris\u00a0obstruyendo el paso y con actitud evasiva, en ese momento se percataron que metros adelante un hombre solicitaba ayuda porque acababan de robar en su casa.<\/p>\n<p>Detall\u00f3 que los polic\u00edas municipales se acercaron a pie para inspeccionar la zona y revisar el autom\u00f3vil gris, y en su interior encontraron a un hombre y una pantalla.<\/p>\n<p>\u201cGracias a la operatividad del sistema de cuadrantes, los uniformados atendieron el llamado de manera oportuna, para impedir \u00a0el robo y detener a los presuntos responsables, quienes aparentemente ya hab\u00edan sacado una pantalla de televisi\u00f3n y hab\u00edan sustra\u00eddo un autom\u00f3vil de una casa\u201d, se\u00f1al\u00f3 el comisario.<\/p>\n<p>Agreg\u00f3 que otros dos sujetos sal\u00edan de un domicilio a bordo de una camioneta tipo pick up, propiedad del denunciante, por lo que de inmediato los uniformados los interceptaron y al momento de revisarlos les encontraron un arma de fuego con seis cartuchos \u00fatiles.<\/p>\n<p>Los detenidos fueron identificados como \u00a0Fabi\u00e1n N de 27 a\u00f1os, Uriel N de 20 y Benjam\u00edn N de 24, \u00a0a quienes previamente se les informaron sus derechos y despu\u00e9s fueron puestos bajo la responsabilidad del Ministerio P\u00fablico de San Crist\u00f3bal.<\/p>\n<p>&nbsp;<\/p>\n","protected":false},"excerpt":{"rendered":"<p>Elementos de la Direcci\u00f3n de Seguridad Ciudadana y Vial detuvieron a tres sujetos en la colonia San Francisco de As\u00eds por su probable participaci\u00f3n en el delito de robo a casa-habitaci\u00f3n, quienes pretend\u00edan llevarse aparatos electr\u00f3nicos y una camioneta.<\/p>\n","protected":false},"author":3,"featured_media":299639,"comment_status":"open","ping_status":"open","sticky":false,"template":"","format":"standard","meta":{"_monsterinsights_skip_tracking":false,"_monsterinsights_sitenote_active":false,"_monsterinsights_sitenote_note":"","_monsterinsights_sitenote_category":0,"footnotes":""},"categories":[35155],"tags":[24241,454,43675,13955],"class_list":["post-299517","post","type-post","status-publish","format-standard","has-post-thumbnail","hentry","category-estado-de-mexico-estado-de-mexico","tag-delito","tag-ecatepec","tag-estado-de-mexico","tag-robo"],"_links":{"self":[{"href":"https:\/\/www.diarioimagen.net\/index.php?rest_route=\/wp\/v2\/posts\/299517","targetHints":{"allow":["GET"]}}],"collection":[{"href":"https:\/\/www.diarioimagen.net\/index.php?rest_route=\/wp\/v2\/posts"}],"about":[{"href":"https:\/\/www.diarioimagen.net\/index.php?rest_route=\/wp\/v2\/types\/post"}],"author":[{"embeddable":true,"href":"https:\/\/www.diarioimagen.net\/index.php?rest_route=\/wp\/v2\/users\/3"}],"replies":[{"embeddable":true,"href":"https:\/\/www.diarioimagen.net\/index.php?rest_route=%2Fwp%2Fv2%2Fcomments&post=299517"}],"version-history":[{"count":0,"href":"https:\/\/www.diarioimagen.net\/index.php?rest_route=\/wp\/v2\/posts\/299517\/revisions"}],"wp:featuredmedia":[{"embeddable":true,"href":"https:\/\/www.diarioimagen.net\/index.php?rest_route=\/wp\/v2\/media\/299639"}],"wp:attachment":[{"href":"https:\/\/www.diarioimagen.net\/index.php?rest_route=%2Fwp%2Fv2%2Fmedia&parent=299517"}],"wp:term":[{"taxonomy":"category","embeddable":true,"href":"https:\/\/www.diarioimagen.net\/index.php?rest_route=%2Fwp%2Fv2%2Fcategories&post=299517"},{"taxonomy":"post_tag","embeddable":true,"href":"https:\/\/www.diarioimagen.net\/index.php?rest_route=%2Fwp%2Fv2%2Ftags&post=299517"}],"curies":[{"name":"wp","href":"https:\/\/api.w.org\/{rel}","templated":true}]}}