{"id":299521,"date":"2016-11-21T00:03:01","date_gmt":"2016-11-21T06:03:01","guid":{"rendered":"http:\/\/www.diarioimagen.net\/?p=299521"},"modified":"2016-11-21T08:49:39","modified_gmt":"2016-11-21T14:49:39","slug":"refuerzan-seguridad-por-el-buen-fin-en-huixquilucan","status":"publish","type":"post","link":"https:\/\/www.diarioimagen.net\/?p=299521","title":{"rendered":"Refuerzan seguridad por el \u201cBuen Fin\u201d en Huixquilucan"},"content":{"rendered":"<p><a href=\"http:\/\/www.diarioimagen.net\/?attachment_id=299642\" rel=\"attachment wp-att-299642\"><img loading=\"lazy\" decoding=\"async\" class=\"aligncenter size-large wp-image-299642\" src=\"http:\/\/www.diarioimagen.net\/wp-content\/uploads\/2016\/11\/HUIXQUILUCAN-3001-460x259.jpg\" alt=\"huixquilucan-3001\" width=\"460\" height=\"259\" srcset=\"https:\/\/www.diarioimagen.net\/wp-content\/uploads\/2016\/11\/HUIXQUILUCAN-3001-460x259.jpg 460w, https:\/\/www.diarioimagen.net\/wp-content\/uploads\/2016\/11\/HUIXQUILUCAN-3001-240x135.jpg 240w, https:\/\/www.diarioimagen.net\/wp-content\/uploads\/2016\/11\/HUIXQUILUCAN-3001-235x132.jpg 235w, https:\/\/www.diarioimagen.net\/wp-content\/uploads\/2016\/11\/HUIXQUILUCAN-3001-202x114.jpg 202w, https:\/\/www.diarioimagen.net\/wp-content\/uploads\/2016\/11\/HUIXQUILUCAN-3001-350x196.jpg 350w, https:\/\/www.diarioimagen.net\/wp-content\/uploads\/2016\/11\/HUIXQUILUCAN-3001-220x123.jpg 220w, https:\/\/www.diarioimagen.net\/wp-content\/uploads\/2016\/11\/HUIXQUILUCAN-3001-237x132.jpg 237w, https:\/\/www.diarioimagen.net\/wp-content\/uploads\/2016\/11\/HUIXQUILUCAN-3001.jpg 480w\" sizes=\"auto, (max-width: 460px) 100vw, 460px\" \/><\/a><\/p>\n<p>&nbsp;<\/p>\n<p><strong>Huixquilucan, Estado de M\u00e9xico.- <\/strong>Al realizar el corte de list\u00f3n para dar inicio al \u201cBuen Fin 2016\u201d, el presidente municipal, Enrique Vargas del Villar, asegur\u00f3 que la administraci\u00f3n 2016-2018 seguir\u00e1 impulsando la inversi\u00f3n y el desarrollo, por eso del 18 al 21 de noviembre se puso especial atenci\u00f3n en el tema de seguridad, para que las personas que acudieron a realizar sus compras al municipio, lo hicieran sin contratiempos.<\/p>\n","protected":false},"excerpt":{"rendered":"<p>Al realizar el corte de list\u00f3n para dar inicio al \u201cBuen Fin 2016\u201d, el presidente municipal, Enrique Vargas del Villar, asegur\u00f3 que la administraci\u00f3n 2016-2018 seguir\u00e1 impulsando la inversi\u00f3n y el desarrollo, por eso del 18 al 21 de noviembre se puso especial atenci\u00f3n en el tema de seguridad, para que las personas que acudieron a realizar sus compras al municipio, lo hicieran sin contratiempos.<\/p>\n","protected":false},"author":3,"featured_media":299642,"comment_status":"open","ping_status":"open","sticky":false,"template":"","format":"standard","meta":{"_monsterinsights_skip_tracking":false,"_monsterinsights_sitenote_active":false,"_monsterinsights_sitenote_note":"","_monsterinsights_sitenote_category":0,"footnotes":""},"categories":[35155],"tags":[20779,43675,1097,43677],"class_list":["post-299521","post","type-post","status-publish","format-standard","has-post-thumbnail","hentry","category-estado-de-mexico-estado-de-mexico","tag-buen-fin","tag-estado-de-mexico","tag-huixquilucan","tag-seguridad"],"_links":{"self":[{"href":"https:\/\/www.diarioimagen.net\/index.php?rest_route=\/wp\/v2\/posts\/299521","targetHints":{"allow":["GET"]}}],"collection":[{"href":"https:\/\/www.diarioimagen.net\/index.php?rest_route=\/wp\/v2\/posts"}],"about":[{"href":"https:\/\/www.diarioimagen.net\/index.php?rest_route=\/wp\/v2\/types\/post"}],"author":[{"embeddable":true,"href":"https:\/\/www.diarioimagen.net\/index.php?rest_route=\/wp\/v2\/users\/3"}],"replies":[{"embeddable":true,"href":"https:\/\/www.diarioimagen.net\/index.php?rest_route=%2Fwp%2Fv2%2Fcomments&post=299521"}],"version-history":[{"count":0,"href":"https:\/\/www.diarioimagen.net\/index.php?rest_route=\/wp\/v2\/posts\/299521\/revisions"}],"wp:featuredmedia":[{"embeddable":true,"href":"https:\/\/www.diarioimagen.net\/index.php?rest_route=\/wp\/v2\/media\/299642"}],"wp:attachment":[{"href":"https:\/\/www.diarioimagen.net\/index.php?rest_route=%2Fwp%2Fv2%2Fmedia&parent=299521"}],"wp:term":[{"taxonomy":"category","embeddable":true,"href":"https:\/\/www.diarioimagen.net\/index.php?rest_route=%2Fwp%2Fv2%2Fcategories&post=299521"},{"taxonomy":"post_tag","embeddable":true,"href":"https:\/\/www.diarioimagen.net\/index.php?rest_route=%2Fwp%2Fv2%2Ftags&post=299521"}],"curies":[{"name":"wp","href":"https:\/\/api.w.org\/{rel}","templated":true}]}}