{"id":299535,"date":"2016-11-21T00:06:03","date_gmt":"2016-11-21T06:06:03","guid":{"rendered":"http:\/\/www.diarioimagen.net\/?p=299535"},"modified":"2016-11-21T08:51:10","modified_gmt":"2016-11-21T14:51:10","slug":"retiran-113-toneladas-de-publicidad-en-naucalpan","status":"publish","type":"post","link":"https:\/\/www.diarioimagen.net\/?p=299535","title":{"rendered":"Retiran 113 toneladas de  publicidad en Naucalpan"},"content":{"rendered":"<ul>\n<li><strong><em>Guerra a la contaminaci\u00f3n visual<\/em><\/strong><\/li>\n<\/ul>\n<p>&nbsp;<\/p>\n<div id=\"attachment_299645\" style=\"width: 470px\" class=\"wp-caption aligncenter\"><a href=\"http:\/\/www.diarioimagen.net\/?attachment_id=299645\" rel=\"attachment wp-att-299645\"><img loading=\"lazy\" decoding=\"async\" aria-describedby=\"caption-attachment-299645\" class=\"size-large wp-image-299645\" src=\"http:\/\/www.diarioimagen.net\/wp-content\/uploads\/2016\/11\/NAUCALPAN-3001-460x259.jpg\" alt=\"En el programa de retiro de propaganda participan 10 cuadrillas de la Direcci\u00f3n General de Servicios P\u00fablicos de Naucalpan.\" width=\"460\" height=\"259\" srcset=\"https:\/\/www.diarioimagen.net\/wp-content\/uploads\/2016\/11\/NAUCALPAN-3001-460x259.jpg 460w, https:\/\/www.diarioimagen.net\/wp-content\/uploads\/2016\/11\/NAUCALPAN-3001-240x135.jpg 240w, https:\/\/www.diarioimagen.net\/wp-content\/uploads\/2016\/11\/NAUCALPAN-3001-235x132.jpg 235w, https:\/\/www.diarioimagen.net\/wp-content\/uploads\/2016\/11\/NAUCALPAN-3001-202x114.jpg 202w, https:\/\/www.diarioimagen.net\/wp-content\/uploads\/2016\/11\/NAUCALPAN-3001-350x196.jpg 350w, https:\/\/www.diarioimagen.net\/wp-content\/uploads\/2016\/11\/NAUCALPAN-3001-220x123.jpg 220w, https:\/\/www.diarioimagen.net\/wp-content\/uploads\/2016\/11\/NAUCALPAN-3001-237x132.jpg 237w, https:\/\/www.diarioimagen.net\/wp-content\/uploads\/2016\/11\/NAUCALPAN-3001.jpg 480w\" sizes=\"auto, (max-width: 460px) 100vw, 460px\" \/><\/a><p id=\"caption-attachment-299645\" class=\"wp-caption-text\">En el programa de retiro de propaganda participan 10 cuadrillas de la Direcci\u00f3n General de Servicios P\u00fablicos de Naucalpan.<\/p><\/div>\n<p>&nbsp;<\/p>\n<p><strong>Naucalpan, Estado de M\u00e9xico<\/strong>.- El Gobierno local, a trav\u00e9s de la Direcci\u00f3n General de Servicios P\u00fablicos, de enero a la fecha, ha retirado 113 toneladas de basura publicitaria, considerada contaminaci\u00f3n visual, de las principales vialidades de la demarcaci\u00f3n, lo que ha contribuido a mejorar la imagen urbana del municipio.<\/p>\n<p>El Presidente Municipal, Edgar Armando Olvera Higuera, indic\u00f3 que esta propaganda es contaminaci\u00f3n visual, porque rompe con la est\u00e9tica del paisaje urbano y puede ocasionar estr\u00e9s o distraer a los conductores.<\/p>\n<p>Olvera Higuera explic\u00f3 que en el programa de retiro de propaganda, participan 10 cuadrillas de la Direcci\u00f3n General de Servicios P\u00fablicos y hasta el momento se han realizado 19 viajes de camiones de volteo para su traslado al centro de transferencia.<\/p>\n<p>Se\u00f1al\u00f3 que entre las vialidades en las que se ha retirado la publicidad, se encuentran avenidas principales como: Perif\u00e9rico, Lomas Verdes, Gustavo Baz, Conscripto, Boulevard Santa Cruz, Luis Donaldo Colosio y Circuitos de Sat\u00e9lite, as\u00ed como en calles de comunidades, recuperando un entorno m\u00e1s amable para la ciudadan\u00eda.<\/p>\n<p>Por su parte, Francisco \u00c1lvarez Moreno, Director General de Servicios P\u00fablicos, detall\u00f3 que entre los materiales retirados se encuentran lonas, pendones, gallardetes, carteles y letreros que hab\u00edan sido colocados en puentes peatonales, camellones, postes y muros.<\/p>\n<p>El funcionario puntualiz\u00f3 que esta publicidad corresponde principalmente a inmobiliarias que anuncian nuevos desarrollos habitacionales, empresas privadas o establecimientos que difunden sus servicios; promoci\u00f3n de eventos, carteles de \u201cproductos milagro\u201d, amarres y letreros de particulares que buscan a sus mascotas perdidas.<\/p>\n<p>&nbsp;<\/p>\n","protected":false},"excerpt":{"rendered":"<p>El Gobierno local, a trav\u00e9s de la Direcci\u00f3n General de Servicios P\u00fablicos, de enero a la fecha, ha retirado 113 toneladas de basura publicitaria, considerada contaminaci\u00f3n visual, de las principales vialidades de la demarcaci\u00f3n, lo que ha contribuido a mejorar la imagen urbana del municipio.<\/p>\n","protected":false},"author":3,"featured_media":299645,"comment_status":"open","ping_status":"open","sticky":false,"template":"","format":"standard","meta":{"_monsterinsights_skip_tracking":false,"_monsterinsights_sitenote_active":false,"_monsterinsights_sitenote_note":"","_monsterinsights_sitenote_category":0,"footnotes":""},"categories":[35155],"tags":[43675,970],"class_list":["post-299535","post","type-post","status-publish","format-standard","has-post-thumbnail","hentry","category-estado-de-mexico-estado-de-mexico","tag-estado-de-mexico","tag-naucalpan"],"_links":{"self":[{"href":"https:\/\/www.diarioimagen.net\/index.php?rest_route=\/wp\/v2\/posts\/299535","targetHints":{"allow":["GET"]}}],"collection":[{"href":"https:\/\/www.diarioimagen.net\/index.php?rest_route=\/wp\/v2\/posts"}],"about":[{"href":"https:\/\/www.diarioimagen.net\/index.php?rest_route=\/wp\/v2\/types\/post"}],"author":[{"embeddable":true,"href":"https:\/\/www.diarioimagen.net\/index.php?rest_route=\/wp\/v2\/users\/3"}],"replies":[{"embeddable":true,"href":"https:\/\/www.diarioimagen.net\/index.php?rest_route=%2Fwp%2Fv2%2Fcomments&post=299535"}],"version-history":[{"count":0,"href":"https:\/\/www.diarioimagen.net\/index.php?rest_route=\/wp\/v2\/posts\/299535\/revisions"}],"wp:featuredmedia":[{"embeddable":true,"href":"https:\/\/www.diarioimagen.net\/index.php?rest_route=\/wp\/v2\/media\/299645"}],"wp:attachment":[{"href":"https:\/\/www.diarioimagen.net\/index.php?rest_route=%2Fwp%2Fv2%2Fmedia&parent=299535"}],"wp:term":[{"taxonomy":"category","embeddable":true,"href":"https:\/\/www.diarioimagen.net\/index.php?rest_route=%2Fwp%2Fv2%2Fcategories&post=299535"},{"taxonomy":"post_tag","embeddable":true,"href":"https:\/\/www.diarioimagen.net\/index.php?rest_route=%2Fwp%2Fv2%2Ftags&post=299535"}],"curies":[{"name":"wp","href":"https:\/\/api.w.org\/{rel}","templated":true}]}}