{"id":299538,"date":"2016-11-21T00:05:30","date_gmt":"2016-11-21T06:05:30","guid":{"rendered":"http:\/\/www.diarioimagen.net\/?p=299538"},"modified":"2016-11-21T08:52:09","modified_gmt":"2016-11-21T14:52:09","slug":"realizan-ajustes-minimos-a-tarifas-de-agua-en-c-izcalli","status":"publish","type":"post","link":"https:\/\/www.diarioimagen.net\/?p=299538","title":{"rendered":"Realizan ajustes m\u00ednimos a tarifas de agua en C. Izcalli"},"content":{"rendered":"<ul>\n<li><strong><em>Sectores comercial e industrial<\/em><\/strong><\/li>\n<\/ul>\n<p>&nbsp;<\/p>\n<div id=\"attachment_299648\" style=\"width: 470px\" class=\"wp-caption aligncenter\"><a href=\"http:\/\/www.diarioimagen.net\/?attachment_id=299648\" rel=\"attachment wp-att-299648\"><img loading=\"lazy\" decoding=\"async\" aria-describedby=\"caption-attachment-299648\" class=\"size-large wp-image-299648\" src=\"http:\/\/www.diarioimagen.net\/wp-content\/uploads\/2016\/11\/CUAUTITLAN-3001-460x259.jpg\" alt=\"Operagua de Cuautitl\u00e1n Izcalli aplicar\u00e1 ajustes m\u00ednimos a las tarifas de agua potable para los sectores comercial e industrial.\" width=\"460\" height=\"259\" srcset=\"https:\/\/www.diarioimagen.net\/wp-content\/uploads\/2016\/11\/CUAUTITLAN-3001-460x259.jpg 460w, https:\/\/www.diarioimagen.net\/wp-content\/uploads\/2016\/11\/CUAUTITLAN-3001-240x135.jpg 240w, https:\/\/www.diarioimagen.net\/wp-content\/uploads\/2016\/11\/CUAUTITLAN-3001-235x132.jpg 235w, https:\/\/www.diarioimagen.net\/wp-content\/uploads\/2016\/11\/CUAUTITLAN-3001-202x114.jpg 202w, https:\/\/www.diarioimagen.net\/wp-content\/uploads\/2016\/11\/CUAUTITLAN-3001-350x196.jpg 350w, https:\/\/www.diarioimagen.net\/wp-content\/uploads\/2016\/11\/CUAUTITLAN-3001-220x123.jpg 220w, https:\/\/www.diarioimagen.net\/wp-content\/uploads\/2016\/11\/CUAUTITLAN-3001-237x132.jpg 237w, https:\/\/www.diarioimagen.net\/wp-content\/uploads\/2016\/11\/CUAUTITLAN-3001.jpg 480w\" sizes=\"auto, (max-width: 460px) 100vw, 460px\" \/><\/a><p id=\"caption-attachment-299648\" class=\"wp-caption-text\">Operagua de Cuautitl\u00e1n Izcalli aplicar\u00e1 ajustes m\u00ednimos a las tarifas de agua potable para los sectores comercial e industrial.<\/p><\/div>\n<p>&nbsp;<\/p>\n<p><strong>Cuautitl\u00e1n Izcalli, Estado de M\u00e9xico<\/strong>.- Para el ejercicio fiscal 2017, el Ayuntamiento local autoriz\u00f3 al Organismo de Agua Potable, Alcantarillado y Saneamiento\u00a0 (Operagua), aplicar ajustes m\u00ednimos a las tarifas de agua potable, principalmente para los sectores comercial e industrial.<\/p>\n<p>Luis Jonathan Vieyra Ram\u00edrez, director de Comercializaci\u00f3n del Organismo, explic\u00f3 que Operagua tiene consideradas tarifas diferentes respecto a las establecidas en el C\u00f3digo Financiero del Estado de M\u00e9xico para el cobro de los servicios que presta.<\/p>\n<p>Precis\u00f3 que en el caso de usuarios de tipo habitacional no se contempla realizar ning\u00fan incremento en las tarifas de agua potable, excepto al que se refiera el \u00edndice inflacionario a principios del mes de enero de 2017.<\/p>\n<p>En el caso de los usuarios de tipo comercial e industrial, Operagua aplicar\u00e1 para el 2017 un ajuste del 3 por ciento, as\u00ed como el aumento correspondiente al salario para el 2017.<\/p>\n<p>El director de\u00a0 Comercializaci\u00f3n de Operagua advirti\u00f3 que estos ajustes ya cuentan con la aprobaci\u00f3n tanto de la Comisi\u00f3n T\u00e9cnica del Agua del Estado de M\u00e9xico, como del Instituto Hacendario del Estado de M\u00e9xico.<\/p>\n<p>De acuerdo con datos de la dependencia, actualmente hay un registro de \u00a0140 mil 391 tomas de agua que dan servicio a poco m\u00e1s de 563 mil habitantes del municipio.<\/p>\n<p>Jonathan Vieyra se\u00f1al\u00f3 que a\u00fan se mantendr\u00e1 el subsidio en los servicios que presta Operagua para escuelas y edificios p\u00fablicos.<\/p>\n<p>Los ajustes a las tarifas de agua potable fueron aprobados durante la\u00a0Quincuag\u00e9sima Primera\u00a0sesi\u00f3n extraordinaria de Cabildo por los integrantes del Cuerpo Edilicio de Cuautitl\u00e1n Izcalli.<\/p>\n<p>A\u00fan es necesario contar con la aprobaci\u00f3n de la Legislatura del Congreso estatal, la cual el pasado 15 de noviembre recibi\u00f3 la propuesta de decreto correspondiente para su discusi\u00f3n.<\/p>\n<p>&nbsp;<\/p>\n","protected":false},"excerpt":{"rendered":"<p>Para el ejercicio fiscal 2017, el Ayuntamiento local autoriz\u00f3 al Organismo de Agua Potable, Alcantarillado y Saneamiento  (Operagua), aplicar ajustes m\u00ednimos a las tarifas de agua potable, principalmente para los sectores comercial e industrial.<\/p>\n","protected":false},"author":3,"featured_media":299648,"comment_status":"open","ping_status":"open","sticky":false,"template":"","format":"standard","meta":{"_monsterinsights_skip_tracking":false,"_monsterinsights_sitenote_active":false,"_monsterinsights_sitenote_note":"","_monsterinsights_sitenote_category":0,"footnotes":""},"categories":[35155],"tags":[971,43675,15506],"class_list":["post-299538","post","type-post","status-publish","format-standard","has-post-thumbnail","hentry","category-estado-de-mexico-estado-de-mexico","tag-cuautitlan-izcalli","tag-estado-de-mexico","tag-tarifas"],"_links":{"self":[{"href":"https:\/\/www.diarioimagen.net\/index.php?rest_route=\/wp\/v2\/posts\/299538","targetHints":{"allow":["GET"]}}],"collection":[{"href":"https:\/\/www.diarioimagen.net\/index.php?rest_route=\/wp\/v2\/posts"}],"about":[{"href":"https:\/\/www.diarioimagen.net\/index.php?rest_route=\/wp\/v2\/types\/post"}],"author":[{"embeddable":true,"href":"https:\/\/www.diarioimagen.net\/index.php?rest_route=\/wp\/v2\/users\/3"}],"replies":[{"embeddable":true,"href":"https:\/\/www.diarioimagen.net\/index.php?rest_route=%2Fwp%2Fv2%2Fcomments&post=299538"}],"version-history":[{"count":0,"href":"https:\/\/www.diarioimagen.net\/index.php?rest_route=\/wp\/v2\/posts\/299538\/revisions"}],"wp:featuredmedia":[{"embeddable":true,"href":"https:\/\/www.diarioimagen.net\/index.php?rest_route=\/wp\/v2\/media\/299648"}],"wp:attachment":[{"href":"https:\/\/www.diarioimagen.net\/index.php?rest_route=%2Fwp%2Fv2%2Fmedia&parent=299538"}],"wp:term":[{"taxonomy":"category","embeddable":true,"href":"https:\/\/www.diarioimagen.net\/index.php?rest_route=%2Fwp%2Fv2%2Fcategories&post=299538"},{"taxonomy":"post_tag","embeddable":true,"href":"https:\/\/www.diarioimagen.net\/index.php?rest_route=%2Fwp%2Fv2%2Ftags&post=299538"}],"curies":[{"name":"wp","href":"https:\/\/api.w.org\/{rel}","templated":true}]}}