{"id":299541,"date":"2016-11-21T00:04:12","date_gmt":"2016-11-21T06:04:12","guid":{"rendered":"http:\/\/www.diarioimagen.net\/?p=299541"},"modified":"2016-11-21T08:53:49","modified_gmt":"2016-11-21T14:53:49","slug":"nombran-nuevo-tesorero-municipal-en-tlalnepantla","status":"publish","type":"post","link":"https:\/\/www.diarioimagen.net\/?p=299541","title":{"rendered":"Nombran nuevo tesorero municipal en Tlalnepantla"},"content":{"rendered":"<p><a href=\"http:\/\/www.diarioimagen.net\/?attachment_id=299651\" rel=\"attachment wp-att-299651\"><img loading=\"lazy\" decoding=\"async\" class=\"aligncenter size-large wp-image-299651\" src=\"http:\/\/www.diarioimagen.net\/wp-content\/uploads\/2016\/11\/TLALNEPANTLA-3001-460x259.jpg\" alt=\"tlalnepantla-3001\" width=\"460\" height=\"259\" srcset=\"https:\/\/www.diarioimagen.net\/wp-content\/uploads\/2016\/11\/TLALNEPANTLA-3001-460x259.jpg 460w, https:\/\/www.diarioimagen.net\/wp-content\/uploads\/2016\/11\/TLALNEPANTLA-3001-240x135.jpg 240w, https:\/\/www.diarioimagen.net\/wp-content\/uploads\/2016\/11\/TLALNEPANTLA-3001-235x132.jpg 235w, https:\/\/www.diarioimagen.net\/wp-content\/uploads\/2016\/11\/TLALNEPANTLA-3001-202x114.jpg 202w, https:\/\/www.diarioimagen.net\/wp-content\/uploads\/2016\/11\/TLALNEPANTLA-3001-350x196.jpg 350w, https:\/\/www.diarioimagen.net\/wp-content\/uploads\/2016\/11\/TLALNEPANTLA-3001-220x123.jpg 220w, https:\/\/www.diarioimagen.net\/wp-content\/uploads\/2016\/11\/TLALNEPANTLA-3001-237x132.jpg 237w, https:\/\/www.diarioimagen.net\/wp-content\/uploads\/2016\/11\/TLALNEPANTLA-3001.jpg 480w\" sizes=\"auto, (max-width: 460px) 100vw, 460px\" \/><\/a><\/p>\n<p>&nbsp;<\/p>\n<p><strong>Tlalnepantla, Estado de M\u00e9xico.-<\/strong> La alcaldesa Denisse Ugalde Alegr\u00eda tom\u00f3 protesta de ley al nuevo Tesorero Municipal, Ricardo Santos Arreola, as\u00ed como al director general de Servicios Administrativos, Norberto M\u00e9ndez Burgos, quienes fueron aprobados por unanimidad por los integrantes del cabildo, durante la vig\u00e9sima primera sesi\u00f3n extraordinaria.<\/p>\n<p>Santos Arreola se ven\u00eda desempe\u00f1ando como administrador del Organismo P\u00fablico Descentralizado Municipal de Agua Potable y Alcantarillado (OPDM), donde sane\u00f3 las finanzas del mismo. Por su parte, M\u00e9ndez Burgos cuenta con una importante trayectoria dentro de la iniciativa privada y ocup\u00f3 la subdirecci\u00f3n de Capital Humano en la presente administraci\u00f3n.<\/p>\n","protected":false},"excerpt":{"rendered":"<p> La alcaldesa Denisse Ugalde Alegr\u00eda tom\u00f3 protesta de ley al nuevo Tesorero Municipal, Ricardo Santos Arreola, as\u00ed como al director general de Servicios Administrativos, Norberto M\u00e9ndez Burgos, quienes fueron aprobados por unanimidad por los integrantes del cabildo, durante la vig\u00e9sima primera sesi\u00f3n extraordinaria.<\/p>\n","protected":false},"author":3,"featured_media":299651,"comment_status":"open","ping_status":"open","sticky":false,"template":"","format":"standard","meta":{"_monsterinsights_skip_tracking":false,"_monsterinsights_sitenote_active":false,"_monsterinsights_sitenote_note":"","_monsterinsights_sitenote_category":0,"footnotes":""},"categories":[35155],"tags":[43675,169],"class_list":["post-299541","post","type-post","status-publish","format-standard","has-post-thumbnail","hentry","category-estado-de-mexico-estado-de-mexico","tag-estado-de-mexico","tag-tlalnepantla"],"_links":{"self":[{"href":"https:\/\/www.diarioimagen.net\/index.php?rest_route=\/wp\/v2\/posts\/299541","targetHints":{"allow":["GET"]}}],"collection":[{"href":"https:\/\/www.diarioimagen.net\/index.php?rest_route=\/wp\/v2\/posts"}],"about":[{"href":"https:\/\/www.diarioimagen.net\/index.php?rest_route=\/wp\/v2\/types\/post"}],"author":[{"embeddable":true,"href":"https:\/\/www.diarioimagen.net\/index.php?rest_route=\/wp\/v2\/users\/3"}],"replies":[{"embeddable":true,"href":"https:\/\/www.diarioimagen.net\/index.php?rest_route=%2Fwp%2Fv2%2Fcomments&post=299541"}],"version-history":[{"count":0,"href":"https:\/\/www.diarioimagen.net\/index.php?rest_route=\/wp\/v2\/posts\/299541\/revisions"}],"wp:featuredmedia":[{"embeddable":true,"href":"https:\/\/www.diarioimagen.net\/index.php?rest_route=\/wp\/v2\/media\/299651"}],"wp:attachment":[{"href":"https:\/\/www.diarioimagen.net\/index.php?rest_route=%2Fwp%2Fv2%2Fmedia&parent=299541"}],"wp:term":[{"taxonomy":"category","embeddable":true,"href":"https:\/\/www.diarioimagen.net\/index.php?rest_route=%2Fwp%2Fv2%2Fcategories&post=299541"},{"taxonomy":"post_tag","embeddable":true,"href":"https:\/\/www.diarioimagen.net\/index.php?rest_route=%2Fwp%2Fv2%2Ftags&post=299541"}],"curies":[{"name":"wp","href":"https:\/\/api.w.org\/{rel}","templated":true}]}}