{"id":299724,"date":"2016-11-22T00:03:18","date_gmt":"2016-11-22T06:03:18","guid":{"rendered":"http:\/\/www.diarioimagen.net\/?p=299724"},"modified":"2016-11-22T03:02:55","modified_gmt":"2016-11-22T09:02:55","slug":"desfile-y-entrega-de-mobiliario-escolar-en-nicolas-romero","status":"publish","type":"post","link":"https:\/\/www.diarioimagen.net\/?p=299724","title":{"rendered":"Desfile y entrega de mobiliario escolar en Nicol\u00e1s Romero"},"content":{"rendered":"<p><a href=\"http:\/\/www.diarioimagen.net\/?attachment_id=299817\" rel=\"attachment wp-att-299817\"><img loading=\"lazy\" decoding=\"async\" class=\"aligncenter size-large wp-image-299817\" src=\"http:\/\/www.diarioimagen.net\/wp-content\/uploads\/2016\/11\/NICOLAS-3002-460x259.jpg\" alt=\"nicolas-3002\" width=\"460\" height=\"259\" srcset=\"https:\/\/www.diarioimagen.net\/wp-content\/uploads\/2016\/11\/NICOLAS-3002-460x259.jpg 460w, https:\/\/www.diarioimagen.net\/wp-content\/uploads\/2016\/11\/NICOLAS-3002-240x135.jpg 240w, https:\/\/www.diarioimagen.net\/wp-content\/uploads\/2016\/11\/NICOLAS-3002-235x132.jpg 235w, https:\/\/www.diarioimagen.net\/wp-content\/uploads\/2016\/11\/NICOLAS-3002-202x114.jpg 202w, https:\/\/www.diarioimagen.net\/wp-content\/uploads\/2016\/11\/NICOLAS-3002-350x196.jpg 350w, https:\/\/www.diarioimagen.net\/wp-content\/uploads\/2016\/11\/NICOLAS-3002-220x123.jpg 220w, https:\/\/www.diarioimagen.net\/wp-content\/uploads\/2016\/11\/NICOLAS-3002-237x132.jpg 237w, https:\/\/www.diarioimagen.net\/wp-content\/uploads\/2016\/11\/NICOLAS-3002.jpg 480w\" sizes=\"auto, (max-width: 460px) 100vw, 460px\" \/><\/a><\/p>\n<p>&nbsp;<\/p>\n<p><strong>Nicol\u00e1s Romero, Estado de M\u00e9xico.-<\/strong> La presidenta municipal de esta demarcaci\u00f3n, Angelina Carre\u00f1o Mijares, as\u00ed como integrantes \u00a0del cabildo local, encabezaron el desfile conmemorativo del CVI Aniversario de la Revoluci\u00f3n Mexicana, m\u00e1s tarde, la alcaldesa acompa\u00f1ada de \u00a0la licenciada Ana Lilia Herrera Anzaldo, Secretaria de Educaci\u00f3n P\u00fablica del Estado de M\u00e9xico, a nombre del gobernador mexiquense Eruviel \u00c1vila Villegas, hizo entrega de mobiliario educativo en pro de los nicolasromerenses.<\/p>\n<p>&nbsp;<\/p>\n","protected":false},"excerpt":{"rendered":"<p>La presidenta municipal de esta demarcaci\u00f3n, Angelina Carre\u00f1o Mijares, as\u00ed como integrantes  del cabildo local, encabezaron el desfile conmemorativo del CVI Aniversario de la Revoluci\u00f3n Mexicana, m\u00e1s tarde, la alcaldesa acompa\u00f1ada de  la licenciada Ana Lilia Herrera Anzaldo, Secretaria de Educaci\u00f3n P\u00fablica del Estado de M\u00e9xico, a nombre del gobernador mexiquense Eruviel \u00c1vila Villegas, hizo entrega de mobiliario educativo en pro de los nicolasromerenses.<\/p>\n","protected":false},"author":3,"featured_media":299817,"comment_status":"open","ping_status":"open","sticky":false,"template":"","format":"standard","meta":{"_monsterinsights_skip_tracking":false,"_monsterinsights_sitenote_active":false,"_monsterinsights_sitenote_note":"","_monsterinsights_sitenote_category":0,"footnotes":""},"categories":[35155],"tags":[55173,43675,49756,752],"class_list":["post-299724","post","type-post","status-publish","format-standard","has-post-thumbnail","hentry","category-estado-de-mexico-estado-de-mexico","tag-desfile","tag-estado-de-mexico","tag-mobiliario","tag-nicolas-romero"],"_links":{"self":[{"href":"https:\/\/www.diarioimagen.net\/index.php?rest_route=\/wp\/v2\/posts\/299724","targetHints":{"allow":["GET"]}}],"collection":[{"href":"https:\/\/www.diarioimagen.net\/index.php?rest_route=\/wp\/v2\/posts"}],"about":[{"href":"https:\/\/www.diarioimagen.net\/index.php?rest_route=\/wp\/v2\/types\/post"}],"author":[{"embeddable":true,"href":"https:\/\/www.diarioimagen.net\/index.php?rest_route=\/wp\/v2\/users\/3"}],"replies":[{"embeddable":true,"href":"https:\/\/www.diarioimagen.net\/index.php?rest_route=%2Fwp%2Fv2%2Fcomments&post=299724"}],"version-history":[{"count":0,"href":"https:\/\/www.diarioimagen.net\/index.php?rest_route=\/wp\/v2\/posts\/299724\/revisions"}],"wp:featuredmedia":[{"embeddable":true,"href":"https:\/\/www.diarioimagen.net\/index.php?rest_route=\/wp\/v2\/media\/299817"}],"wp:attachment":[{"href":"https:\/\/www.diarioimagen.net\/index.php?rest_route=%2Fwp%2Fv2%2Fmedia&parent=299724"}],"wp:term":[{"taxonomy":"category","embeddable":true,"href":"https:\/\/www.diarioimagen.net\/index.php?rest_route=%2Fwp%2Fv2%2Fcategories&post=299724"},{"taxonomy":"post_tag","embeddable":true,"href":"https:\/\/www.diarioimagen.net\/index.php?rest_route=%2Fwp%2Fv2%2Ftags&post=299724"}],"curies":[{"name":"wp","href":"https:\/\/api.w.org\/{rel}","templated":true}]}}