{"id":299728,"date":"2016-11-22T00:05:55","date_gmt":"2016-11-22T06:05:55","guid":{"rendered":"http:\/\/www.diarioimagen.net\/?p=299728"},"modified":"2016-11-22T03:06:35","modified_gmt":"2016-11-22T09:06:35","slug":"alcaldesa-hara-visitas-sorpresa-en-oficinas-de-atencion-al-publico","status":"publish","type":"post","link":"https:\/\/www.diarioimagen.net\/?p=299728","title":{"rendered":"Alcaldesa har\u00e1 visitas sorpresa en oficinas de atenci\u00f3n al p\u00fablico"},"content":{"rendered":"<ul>\n<li><strong><em>Para erradicar corrupci\u00f3n en Atizap\u00e1n<\/em><\/strong><\/li>\n<\/ul>\n<p>&nbsp;<\/p>\n<div id=\"attachment_299823\" style=\"width: 470px\" class=\"wp-caption aligncenter\"><a href=\"http:\/\/www.diarioimagen.net\/?attachment_id=299823\" rel=\"attachment wp-att-299823\"><img loading=\"lazy\" decoding=\"async\" aria-describedby=\"caption-attachment-299823\" class=\"size-large wp-image-299823\" src=\"http:\/\/www.diarioimagen.net\/wp-content\/uploads\/2016\/11\/ATIZAPAN-3002-460x259.jpg\" alt=\"La alcaldesa Ana Mar\u00eda Balderas Trejo se reuni\u00f3n con representantes de las asociaciones vecinales.\" width=\"460\" height=\"259\" srcset=\"https:\/\/www.diarioimagen.net\/wp-content\/uploads\/2016\/11\/ATIZAPAN-3002-460x259.jpg 460w, https:\/\/www.diarioimagen.net\/wp-content\/uploads\/2016\/11\/ATIZAPAN-3002-240x135.jpg 240w, https:\/\/www.diarioimagen.net\/wp-content\/uploads\/2016\/11\/ATIZAPAN-3002-235x132.jpg 235w, https:\/\/www.diarioimagen.net\/wp-content\/uploads\/2016\/11\/ATIZAPAN-3002-202x114.jpg 202w, https:\/\/www.diarioimagen.net\/wp-content\/uploads\/2016\/11\/ATIZAPAN-3002-350x196.jpg 350w, https:\/\/www.diarioimagen.net\/wp-content\/uploads\/2016\/11\/ATIZAPAN-3002-220x123.jpg 220w, https:\/\/www.diarioimagen.net\/wp-content\/uploads\/2016\/11\/ATIZAPAN-3002-237x132.jpg 237w, https:\/\/www.diarioimagen.net\/wp-content\/uploads\/2016\/11\/ATIZAPAN-3002.jpg 480w\" sizes=\"auto, (max-width: 460px) 100vw, 460px\" \/><\/a><p id=\"caption-attachment-299823\" class=\"wp-caption-text\">La alcaldesa Ana Mar\u00eda Balderas Trejo se reuni\u00f3n con representantes de las asociaciones vecinales.<\/p><\/div>\n<p>&nbsp;<\/p>\n<p><strong>Atizap\u00e1n, Estado de M\u00e9xico<\/strong>.- La Presidenta Municipal, Ana Mar\u00eda Balderas Trejo, anunci\u00f3 ante su cuerpo de Directores y asociaciones de colonos, que a partir de esta semana realizar\u00e1 personalmente visitas sorpresa de inspecci\u00f3n en las diferentes \u00e1reas de atenci\u00f3n al p\u00fablico para erradicar todo acto de corrupci\u00f3n en su gobierno.<\/p>\n<p>Ante representantes de las asociaciones vecinales de Villas de la Hacienda, Residentes de Las Arboledas, El Campanario, Vergel de Arboledas, Mayorazgos de los Gigantes, Lomas de la Hacienda y Residencial San Mateo, la alcaldesa escuch\u00f3 sus peticiones en materia de seguridad, bacheo, desazolve y alumbrado p\u00fablico, principalmente.<\/p>\n<p>Balderas Trejo precis\u00f3 que \u201cdonde existe un coyote, existe un servidor p\u00fablico corrupto\u201d, \u00a0por lo que no dar\u00e1 tregua a ning\u00fan acto de esa \u00edndole, e inspeccionar\u00e1 de manera directa las \u00e1reas de Desarrollo Urbano, Normatividad\u00a0 y SAPASA, entre otras, y de descubrir a un servidor p\u00fablico corrupto se proceder\u00e1 contra \u00e9l sin ning\u00fan miramiento.<\/p>\n<p>As\u00ed mismo, la mandataria local destac\u00f3 que su administraci\u00f3n est\u00e1 para servir a la ciudadan\u00eda y no para servirse de ella, por lo que el pr\u00f3ximo a\u00f1o se fortalecer\u00e1n a\u00fan m\u00e1s\u00a0los principales servicios que solicitan los atizapenses.<\/p>\n<p>Al ser cuestionada sobre la construcci\u00f3n de 471 casas en el predio denominado \u201cEl H\u00edpico\u201d, la Alcaldesa subray\u00f3 que en los pr\u00f3ximos d\u00edas ser\u00e1n convocados consejos de participaci\u00f3n ciudadana, asociaciones de colonos, asociaciones civiles, as\u00ed como diputados federales y locales, para solicitar a las autoridades estatales sea respetado el uso de suelo del lugar.<\/p>\n<p>&nbsp;<\/p>\n","protected":false},"excerpt":{"rendered":"<p>La Presidenta Municipal, Ana Mar\u00eda Balderas Trejo, anunci\u00f3 ante su cuerpo de Directores y asociaciones de colonos, que a partir de esta semana realizar\u00e1 personalmente visitas sorpresa de inspecci\u00f3n en las diferentes \u00e1reas de atenci\u00f3n al p\u00fablico para erradicar todo acto de corrupci\u00f3n en su gobierno.<\/p>\n","protected":false},"author":3,"featured_media":299823,"comment_status":"open","ping_status":"open","sticky":false,"template":"","format":"standard","meta":{"_monsterinsights_skip_tracking":false,"_monsterinsights_sitenote_active":false,"_monsterinsights_sitenote_note":"","_monsterinsights_sitenote_category":0,"footnotes":""},"categories":[35155],"tags":[47219,969,43675],"class_list":["post-299728","post","type-post","status-publish","format-standard","has-post-thumbnail","hentry","category-estado-de-mexico-estado-de-mexico","tag-ana-maria-balderas-trejo","tag-atizapan","tag-estado-de-mexico"],"_links":{"self":[{"href":"https:\/\/www.diarioimagen.net\/index.php?rest_route=\/wp\/v2\/posts\/299728","targetHints":{"allow":["GET"]}}],"collection":[{"href":"https:\/\/www.diarioimagen.net\/index.php?rest_route=\/wp\/v2\/posts"}],"about":[{"href":"https:\/\/www.diarioimagen.net\/index.php?rest_route=\/wp\/v2\/types\/post"}],"author":[{"embeddable":true,"href":"https:\/\/www.diarioimagen.net\/index.php?rest_route=\/wp\/v2\/users\/3"}],"replies":[{"embeddable":true,"href":"https:\/\/www.diarioimagen.net\/index.php?rest_route=%2Fwp%2Fv2%2Fcomments&post=299728"}],"version-history":[{"count":0,"href":"https:\/\/www.diarioimagen.net\/index.php?rest_route=\/wp\/v2\/posts\/299728\/revisions"}],"wp:featuredmedia":[{"embeddable":true,"href":"https:\/\/www.diarioimagen.net\/index.php?rest_route=\/wp\/v2\/media\/299823"}],"wp:attachment":[{"href":"https:\/\/www.diarioimagen.net\/index.php?rest_route=%2Fwp%2Fv2%2Fmedia&parent=299728"}],"wp:term":[{"taxonomy":"category","embeddable":true,"href":"https:\/\/www.diarioimagen.net\/index.php?rest_route=%2Fwp%2Fv2%2Fcategories&post=299728"},{"taxonomy":"post_tag","embeddable":true,"href":"https:\/\/www.diarioimagen.net\/index.php?rest_route=%2Fwp%2Fv2%2Ftags&post=299728"}],"curies":[{"name":"wp","href":"https:\/\/api.w.org\/{rel}","templated":true}]}}