{"id":299730,"date":"2016-11-22T00:05:28","date_gmt":"2016-11-22T06:05:28","guid":{"rendered":"http:\/\/www.diarioimagen.net\/?p=299730"},"modified":"2016-11-23T00:43:29","modified_gmt":"2016-11-23T06:43:29","slug":"nuno-ciencia-el-motor-para-lograr-prosperidad","status":"publish","type":"post","link":"https:\/\/www.diarioimagen.net\/?p=299730","title":{"rendered":"Nu\u00f1o: ciencia, el motor para lograr prosperidad"},"content":{"rendered":"<ul>\n<li><strong><em>Debe ser accesible para todos<\/em><\/strong><\/li>\n<\/ul>\n<p>&nbsp;<\/p>\n<div id=\"attachment_299796\" style=\"width: 470px\" class=\"wp-caption aligncenter\"><a href=\"http:\/\/www.diarioimagen.net\/?attachment_id=299796\" rel=\"attachment wp-att-299796\"><img loading=\"lazy\" decoding=\"async\" aria-describedby=\"caption-attachment-299796\" class=\"size-large wp-image-299796\" src=\"http:\/\/www.diarioimagen.net\/wp-content\/uploads\/2016\/11\/sep-3002-460x259.jpg\" alt=\"Aurelio Nu\u00f1o entreg\u00f3 los premios del \u201cXIV Concurso Leamos la ciencia para todos 2015-2016\u201d.\" width=\"460\" height=\"259\" srcset=\"https:\/\/www.diarioimagen.net\/wp-content\/uploads\/2016\/11\/sep-3002-460x259.jpg 460w, https:\/\/www.diarioimagen.net\/wp-content\/uploads\/2016\/11\/sep-3002-240x135.jpg 240w, https:\/\/www.diarioimagen.net\/wp-content\/uploads\/2016\/11\/sep-3002-235x132.jpg 235w, https:\/\/www.diarioimagen.net\/wp-content\/uploads\/2016\/11\/sep-3002-202x114.jpg 202w, https:\/\/www.diarioimagen.net\/wp-content\/uploads\/2016\/11\/sep-3002-350x196.jpg 350w, https:\/\/www.diarioimagen.net\/wp-content\/uploads\/2016\/11\/sep-3002-220x123.jpg 220w, https:\/\/www.diarioimagen.net\/wp-content\/uploads\/2016\/11\/sep-3002-237x132.jpg 237w, https:\/\/www.diarioimagen.net\/wp-content\/uploads\/2016\/11\/sep-3002.jpg 480w\" sizes=\"auto, (max-width: 460px) 100vw, 460px\" \/><\/a><p id=\"caption-attachment-299796\" class=\"wp-caption-text\">Aurelio Nu\u00f1o entreg\u00f3 los premios del \u201cXIV Concurso Leamos la ciencia para todos 2015-2016\u201d.<\/p><\/div>\n<p>&nbsp;<\/p>\n<p>Cualquier pa\u00eds que quiera prosperar, ser libre y con mayor equidad, indudablemente requiere de la ciencia y que \u00e9sta llegue a todos, asegur\u00f3 Aurelio Nu\u00f1o Mayer, titular de la Secretar\u00eda de Educaci\u00f3n P\u00fablica (SEP).<\/p>\n<p>Al encabezar la premiaci\u00f3n del \u201cXIV Concurso Leamos la ciencia para todos 2015-2016\u201d, el funcionario federal manifest\u00f3 su convicci\u00f3n de que la ciencia y la innovaci\u00f3n han sido el motor de la historia de la humanidad.<\/p>\n<p>Por ello asever\u00f3 que conocer y entender la ciencia es una de las actividades fundamentales para el ser humano y para ello es indispensable que la ciencia llegue a todos y no solo se quede en el c\u00edrculo de los cient\u00edficos.<\/p>\n<p>Nu\u00f1o Mayer reconoci\u00f3 el valor de la colecci\u00f3n de libros \u201cla Ciencia para Todos\u201d y este concurso, ya que a partir de esta recopilaci\u00f3n ni\u00f1os, j\u00f3venes y maestros puedan participar y hacerla suya.<\/p>\n<p>Destac\u00f3 que lo anterior forma parte de las metas que se buscan con la reforma educativa, al romper los paradigmas y lograr que la educaci\u00f3n deje de ser burocr\u00e1tica y autoritaria y se vuelva democr\u00e1tica y accesible a todos.<\/p>\n","protected":false},"excerpt":{"rendered":"<p>Cualquier pa\u00eds que quiera prosperar, ser libre y con mayor equidad, indudablemente requiere de la ciencia y que \u00e9sta llegue a todos, asegur\u00f3 Aurelio Nu\u00f1o Mayer, titular de la Secretar\u00eda de Educaci\u00f3n P\u00fablica (SEP).<\/p>\n","protected":false},"author":3,"featured_media":299796,"comment_status":"open","ping_status":"open","sticky":false,"template":"","format":"standard","meta":{"_monsterinsights_skip_tracking":false,"_monsterinsights_sitenote_active":false,"_monsterinsights_sitenote_note":"","_monsterinsights_sitenote_category":0,"footnotes":""},"categories":[1295],"tags":[30144,29616,1058,459],"class_list":["post-299730","post","type-post","status-publish","format-standard","has-post-thumbnail","hentry","category-educacion","tag-aurelio-nuno-mayer","tag-prosperidad","tag-secretaria-de-educacion-publica","tag-sep"],"_links":{"self":[{"href":"https:\/\/www.diarioimagen.net\/index.php?rest_route=\/wp\/v2\/posts\/299730","targetHints":{"allow":["GET"]}}],"collection":[{"href":"https:\/\/www.diarioimagen.net\/index.php?rest_route=\/wp\/v2\/posts"}],"about":[{"href":"https:\/\/www.diarioimagen.net\/index.php?rest_route=\/wp\/v2\/types\/post"}],"author":[{"embeddable":true,"href":"https:\/\/www.diarioimagen.net\/index.php?rest_route=\/wp\/v2\/users\/3"}],"replies":[{"embeddable":true,"href":"https:\/\/www.diarioimagen.net\/index.php?rest_route=%2Fwp%2Fv2%2Fcomments&post=299730"}],"version-history":[{"count":0,"href":"https:\/\/www.diarioimagen.net\/index.php?rest_route=\/wp\/v2\/posts\/299730\/revisions"}],"wp:featuredmedia":[{"embeddable":true,"href":"https:\/\/www.diarioimagen.net\/index.php?rest_route=\/wp\/v2\/media\/299796"}],"wp:attachment":[{"href":"https:\/\/www.diarioimagen.net\/index.php?rest_route=%2Fwp%2Fv2%2Fmedia&parent=299730"}],"wp:term":[{"taxonomy":"category","embeddable":true,"href":"https:\/\/www.diarioimagen.net\/index.php?rest_route=%2Fwp%2Fv2%2Fcategories&post=299730"},{"taxonomy":"post_tag","embeddable":true,"href":"https:\/\/www.diarioimagen.net\/index.php?rest_route=%2Fwp%2Fv2%2Ftags&post=299730"}],"curies":[{"name":"wp","href":"https:\/\/api.w.org\/{rel}","templated":true}]}}