{"id":299880,"date":"2016-11-23T00:08:40","date_gmt":"2016-11-23T06:08:40","guid":{"rendered":"http:\/\/www.diarioimagen.net\/?p=299880"},"modified":"2016-11-24T00:00:20","modified_gmt":"2016-11-24T06:00:20","slug":"edomex-por-debajo-de-la-media-nacional-en-mortalidad-materna-eruviel-avila","status":"publish","type":"post","link":"https:\/\/www.diarioimagen.net\/?p=299880","title":{"rendered":"Destaca GEM reducci\u00f3n en el \u00edndice de mortalidad materna"},"content":{"rendered":"<ul>\n<li><strong><em>La entidad registra 28 fallecimientos por cada 10 mil nacimientos<\/em><\/strong><\/li>\n<\/ul>\n<h6>Jos\u00e9 Luis Monta\u00f1ez<\/h6>\n<p>&nbsp;<\/p>\n<div id=\"attachment_299881\" style=\"width: 470px\" class=\"wp-caption aligncenter\"><a href=\"http:\/\/www.diarioimagen.net\/?attachment_id=299881\" rel=\"attachment wp-att-299881\"><img loading=\"lazy\" decoding=\"async\" aria-describedby=\"caption-attachment-299881\" class=\"wp-image-299881 size-large\" src=\"http:\/\/www.diarioimagen.net\/wp-content\/uploads\/2016\/11\/ERUVIEL23-portal-460x268.jpg\" alt=\"El gobernador Eruiel \u00c1vila y la presidenta honoraria del DIFEM, Isis \u00c1vila, entregaron 29 Unidades Adaptadas para el Traslado de Personas con Discapacidad.\" width=\"460\" height=\"268\" srcset=\"https:\/\/www.diarioimagen.net\/wp-content\/uploads\/2016\/11\/ERUVIEL23-portal-460x268.jpg 460w, https:\/\/www.diarioimagen.net\/wp-content\/uploads\/2016\/11\/ERUVIEL23-portal-240x140.jpg 240w, https:\/\/www.diarioimagen.net\/wp-content\/uploads\/2016\/11\/ERUVIEL23-portal.jpg 480w\" sizes=\"auto, (max-width: 460px) 100vw, 460px\" \/><\/a><p id=\"caption-attachment-299881\" class=\"wp-caption-text\">El gobernador Eruiel \u00c1vila y la presidenta honoraria del DIFEM, Isis \u00c1vila, entregaron 29 Unidades Adaptadas para el Traslado de Personas con Discapacidad.<\/p><\/div>\n<p>&nbsp;<\/p>\n<p><strong>San Mart\u00edn de las Pir\u00e1mides, Estado de M\u00e9xico<\/strong>.- El gobernador Eruviel \u00c1vila Villegas destac\u00f3 que, producto de las acciones que se han instrumentado en materia de salud en la entidad, como la ampliaci\u00f3n de la red hospitalaria y la labor que realizan m\u00e9dicos y enfermeras, el Estado de M\u00e9xico se encuentra por debajo de la media nacional en mortalidad materna, con 28 fallecimientos por cada 10 mil nacimientos, mientras que en el pa\u00eds el indicador es de 38.<\/p>\n<p>\u201cEn el caso del Estado de M\u00e9xico, estamos muy por debajo de esta media nacional, es decir, hemos logrado reducir la mortalidad materna producto de todo el sistema de salud que tenemos en el Estado de M\u00e9xico, aqu\u00ed no hay casualidades, aqu\u00ed hay causalidades, hay trabajo, esfuerzo, y no lo hago solo yo, lo hacemos con el sindicato de salud, lo hacemos con los m\u00e9dicos, lo hacemos con las enfermeras, lo hacemos con mejor equipo, con m\u00e1s instalaciones, somos de los estados que menos mortalidad materna tenemos, con motivo de ese tipo de eventualidades\u201d, dijo.<\/p>\n<p>En San Mart\u00edn de las Pir\u00e1mides, al entregar 29 Unidades Adaptadas para el Traslado de Personas con Discapacidad para sistemas municipales DIF mexiquenses, y acompa\u00f1ado por Isis \u00c1vila Mu\u00f1oz, presidenta honoraria del DIF estatal, Eruviel \u00c1vila explic\u00f3 que la principal causa que genera la mortalidad materna es la presencia de hemorragias, y para evitar decesos por esta situaci\u00f3n se han puesto en operaci\u00f3n diferentes bancos de sangre, como el Regional de Ecatepec.<\/p>\n<p>Asimismo, indic\u00f3 que otras causas que generan la muerte materna son la preclampsia, problemas de placenta, enfermedades cardiovasculares, entre otras, por lo que el trabajo continuar\u00e1 como hasta ahora y se promover\u00e1 que m\u00e1s mexiquenses se afilien al Seguro Popular para acceder a servicios que prevengan estas situaciones.<\/p>\n<p>El mandatario estatal reiter\u00f3 el compromiso de la administraci\u00f3n estatal por continuar trabajando por las personas que padecen alguna discapacidad, con acciones como la entrega de pr\u00f3tesis y zapatos ortop\u00e9dicos, de los cuales ya se han otorgado m\u00e1s de 280 mil pares.<\/p>\n<p>Aunado a ello, dijo se realizan intervenciones quir\u00fargicas, se puso en operaci\u00f3n el Hospital de la Luz en Naucalpan, adem\u00e1s de que el Edom\u00e9x es la \u00fanica entidad que beca a las personas que padecen ceguera hasta que terminen sus estudios universitarios, quienes tambi\u00e9n reciben sus computadoras tiflot\u00e9cnicas.<\/p>\n<p>En este sentido, se\u00f1al\u00f3 que a trav\u00e9s de la Conferencia Nacional de Gobernadores (Conago), se cre\u00f3 la Comisi\u00f3n para el Desarrollo y la Inclusi\u00f3n de las Personas con Discapacidad, mediante la cual se trabajar\u00e1 a nivel nacional por este sector de la poblaci\u00f3n.<\/p>\n<p>Por su parte, Isis \u00c1vila detall\u00f3 que las 29 unidades entregadas este d\u00eda se suman a las 100 que ya se han otorgado y ya operan en el Edom\u00e9x, para trasladar a las personas que padecen alg\u00fan tipo de discapacidad a sus rehabilitaciones, y se\u00f1al\u00f3 que los apoyos que se otorgan a este sector de la poblaci\u00f3n permiten ayudar a la econom\u00eda de las familias, as\u00ed como brindarles mejores opciones para que puedan tener una mejor calidad de vida.<\/p>\n","protected":false},"excerpt":{"rendered":"<p><span style=\"color: #005497;\">Jos\u00e9 Luis Monta\u00f1ez<\/span><br \/>\n<br \/>\n El gobernador Eruviel \u00c1vila Villegas destac\u00f3 que, producto de las acciones que se han instrumentado en materia de salud en la entidad, como la ampliaci\u00f3n de la red hospitalaria y la labor que realizan m\u00e9dicos y enfermeras, el Estado de M\u00e9xico se encuentra por debajo de la media nacional en mortalidad materna, con 28 fallecimientos por cada 10 mil nacimientos, mientras que en el pa\u00eds el indicador es de 38.<\/p>\n","protected":false},"author":5,"featured_media":299881,"comment_status":"open","ping_status":"open","sticky":false,"template":"","format":"standard","meta":{"_monsterinsights_skip_tracking":false,"_monsterinsights_sitenote_active":false,"_monsterinsights_sitenote_note":"","_monsterinsights_sitenote_category":0,"footnotes":""},"categories":[5],"tags":[43675,28207,10192],"class_list":["post-299880","post","type-post","status-publish","format-standard","has-post-thumbnail","hentry","category-estado-de-mexico","tag-estado-de-mexico","tag-isis-avila-munoz","tag-san-martin-de-las-piramides"],"_links":{"self":[{"href":"https:\/\/www.diarioimagen.net\/index.php?rest_route=\/wp\/v2\/posts\/299880","targetHints":{"allow":["GET"]}}],"collection":[{"href":"https:\/\/www.diarioimagen.net\/index.php?rest_route=\/wp\/v2\/posts"}],"about":[{"href":"https:\/\/www.diarioimagen.net\/index.php?rest_route=\/wp\/v2\/types\/post"}],"author":[{"embeddable":true,"href":"https:\/\/www.diarioimagen.net\/index.php?rest_route=\/wp\/v2\/users\/5"}],"replies":[{"embeddable":true,"href":"https:\/\/www.diarioimagen.net\/index.php?rest_route=%2Fwp%2Fv2%2Fcomments&post=299880"}],"version-history":[{"count":0,"href":"https:\/\/www.diarioimagen.net\/index.php?rest_route=\/wp\/v2\/posts\/299880\/revisions"}],"wp:featuredmedia":[{"embeddable":true,"href":"https:\/\/www.diarioimagen.net\/index.php?rest_route=\/wp\/v2\/media\/299881"}],"wp:attachment":[{"href":"https:\/\/www.diarioimagen.net\/index.php?rest_route=%2Fwp%2Fv2%2Fmedia&parent=299880"}],"wp:term":[{"taxonomy":"category","embeddable":true,"href":"https:\/\/www.diarioimagen.net\/index.php?rest_route=%2Fwp%2Fv2%2Fcategories&post=299880"},{"taxonomy":"post_tag","embeddable":true,"href":"https:\/\/www.diarioimagen.net\/index.php?rest_route=%2Fwp%2Fv2%2Ftags&post=299880"}],"curies":[{"name":"wp","href":"https:\/\/api.w.org\/{rel}","templated":true}]}}