{"id":299940,"date":"2016-11-23T00:01:25","date_gmt":"2016-11-23T06:01:25","guid":{"rendered":"http:\/\/www.diarioimagen.net\/?p=299940"},"modified":"2016-11-23T06:31:05","modified_gmt":"2016-11-23T12:31:05","slug":"uaem-referente-en-la-construccion-y-fortalecimiento-del-tejido-social-jorge-olvera","status":"publish","type":"post","link":"https:\/\/www.diarioimagen.net\/?p=299940","title":{"rendered":"UAEM, referente en la construcci\u00f3n y fortalecimiento del tejido social: Jorge Olvera"},"content":{"rendered":"<p><a href=\"http:\/\/www.diarioimagen.net\/?attachment_id=300056\" rel=\"attachment wp-att-300056\"><img loading=\"lazy\" decoding=\"async\" class=\"aligncenter size-large wp-image-300056\" src=\"http:\/\/www.diarioimagen.net\/wp-content\/uploads\/2016\/11\/UAEM-3003-460x307.jpg\" alt=\"uaem-3003\" width=\"460\" height=\"307\" srcset=\"https:\/\/www.diarioimagen.net\/wp-content\/uploads\/2016\/11\/UAEM-3003-460x307.jpg 460w, https:\/\/www.diarioimagen.net\/wp-content\/uploads\/2016\/11\/UAEM-3003-240x160.jpg 240w, https:\/\/www.diarioimagen.net\/wp-content\/uploads\/2016\/11\/UAEM-3003.jpg 700w\" sizes=\"auto, (max-width: 460px) 100vw, 460px\" \/><\/a><\/p>\n<p>&nbsp;<\/p>\n<p>La Universidad Aut\u00f3noma del Estado de M\u00e9xico es referente en la construcci\u00f3n y fortalecimiento del tejido social; su misi\u00f3n es lograr que cada universitario posea altos conocimientos para que a partir de ellos pueda contribuir al progreso de los mexiquenses, sostuvo el rector Jorge Olvera Garc\u00eda, al encabezar el Segundo Informe Anual de Actividades del director de la Facultad de Lenguas, V\u00edctor Alonso Galeana Estrada.<\/p>\n<p>&nbsp;<\/p>\n","protected":false},"excerpt":{"rendered":"<p>La Universidad Aut\u00f3noma del Estado de M\u00e9xico es referente en la construcci\u00f3n y fortalecimiento del tejido social; su misi\u00f3n es lograr que cada universitario posea altos conocimientos para que a partir de ellos pueda contribuir al progreso de los mexiquenses, sostuvo el rector Jorge Olvera Garc\u00eda, al encabezar el Segundo Informe Anual de Actividades del director de la Facultad de Lenguas, V\u00edctor Alonso Galeana Estrada.<\/p>\n","protected":false},"author":3,"featured_media":300056,"comment_status":"open","ping_status":"open","sticky":false,"template":"","format":"standard","meta":{"_monsterinsights_skip_tracking":false,"_monsterinsights_sitenote_active":false,"_monsterinsights_sitenote_note":"","_monsterinsights_sitenote_category":0,"footnotes":""},"categories":[35155],"tags":[43675,1490],"class_list":["post-299940","post","type-post","status-publish","format-standard","has-post-thumbnail","hentry","category-estado-de-mexico-estado-de-mexico","tag-estado-de-mexico","tag-universidad-autonoma-del-estado-de-mexico"],"_links":{"self":[{"href":"https:\/\/www.diarioimagen.net\/index.php?rest_route=\/wp\/v2\/posts\/299940","targetHints":{"allow":["GET"]}}],"collection":[{"href":"https:\/\/www.diarioimagen.net\/index.php?rest_route=\/wp\/v2\/posts"}],"about":[{"href":"https:\/\/www.diarioimagen.net\/index.php?rest_route=\/wp\/v2\/types\/post"}],"author":[{"embeddable":true,"href":"https:\/\/www.diarioimagen.net\/index.php?rest_route=\/wp\/v2\/users\/3"}],"replies":[{"embeddable":true,"href":"https:\/\/www.diarioimagen.net\/index.php?rest_route=%2Fwp%2Fv2%2Fcomments&post=299940"}],"version-history":[{"count":0,"href":"https:\/\/www.diarioimagen.net\/index.php?rest_route=\/wp\/v2\/posts\/299940\/revisions"}],"wp:featuredmedia":[{"embeddable":true,"href":"https:\/\/www.diarioimagen.net\/index.php?rest_route=\/wp\/v2\/media\/300056"}],"wp:attachment":[{"href":"https:\/\/www.diarioimagen.net\/index.php?rest_route=%2Fwp%2Fv2%2Fmedia&parent=299940"}],"wp:term":[{"taxonomy":"category","embeddable":true,"href":"https:\/\/www.diarioimagen.net\/index.php?rest_route=%2Fwp%2Fv2%2Fcategories&post=299940"},{"taxonomy":"post_tag","embeddable":true,"href":"https:\/\/www.diarioimagen.net\/index.php?rest_route=%2Fwp%2Fv2%2Ftags&post=299940"}],"curies":[{"name":"wp","href":"https:\/\/api.w.org\/{rel}","templated":true}]}}