{"id":299949,"date":"2016-11-23T00:07:45","date_gmt":"2016-11-23T06:07:45","guid":{"rendered":"http:\/\/www.diarioimagen.net\/?p=299949"},"modified":"2016-11-23T06:19:38","modified_gmt":"2016-11-23T12:19:38","slug":"ofrece-dif-naucalpan-mas-de-80-servicios-medicos-y-asistenciales","status":"publish","type":"post","link":"https:\/\/www.diarioimagen.net\/?p=299949","title":{"rendered":"Ofrece DIF Naucalpan m\u00e1s de 80 servicios m\u00e9dicos y asistenciales"},"content":{"rendered":"<ul>\n<li><strong><em>Atenci\u00f3n de especialistas<\/em><\/strong><\/li>\n<\/ul>\n<p>&nbsp;<\/p>\n<div id=\"attachment_300030\" style=\"width: 470px\" class=\"wp-caption aligncenter\"><a href=\"http:\/\/www.diarioimagen.net\/?attachment_id=300030\" rel=\"attachment wp-att-300030\"><img loading=\"lazy\" decoding=\"async\" aria-describedby=\"caption-attachment-300030\" class=\"size-large wp-image-300030\" src=\"http:\/\/www.diarioimagen.net\/wp-content\/uploads\/2016\/11\/NAUCALPAN-3003-460x259.jpg\" alt=\"La presidenta del DIF-Naucalpan, Liliana de Olvera, inform\u00f3 que la jornada ofrece m\u00e1s de 80 servicios m\u00e9dicos y asistenciales.\" width=\"460\" height=\"259\" srcset=\"https:\/\/www.diarioimagen.net\/wp-content\/uploads\/2016\/11\/NAUCALPAN-3003-460x259.jpg 460w, https:\/\/www.diarioimagen.net\/wp-content\/uploads\/2016\/11\/NAUCALPAN-3003-240x135.jpg 240w, https:\/\/www.diarioimagen.net\/wp-content\/uploads\/2016\/11\/NAUCALPAN-3003-235x132.jpg 235w, https:\/\/www.diarioimagen.net\/wp-content\/uploads\/2016\/11\/NAUCALPAN-3003-202x114.jpg 202w, https:\/\/www.diarioimagen.net\/wp-content\/uploads\/2016\/11\/NAUCALPAN-3003-350x196.jpg 350w, https:\/\/www.diarioimagen.net\/wp-content\/uploads\/2016\/11\/NAUCALPAN-3003-220x123.jpg 220w, https:\/\/www.diarioimagen.net\/wp-content\/uploads\/2016\/11\/NAUCALPAN-3003-237x132.jpg 237w, https:\/\/www.diarioimagen.net\/wp-content\/uploads\/2016\/11\/NAUCALPAN-3003.jpg 480w\" sizes=\"auto, (max-width: 460px) 100vw, 460px\" \/><\/a><p id=\"caption-attachment-300030\" class=\"wp-caption-text\">La presidenta del DIF-Naucalpan, Liliana de Olvera, inform\u00f3 que la jornada ofrece m\u00e1s de 80 servicios m\u00e9dicos y asistenciales.<\/p><\/div>\n<p>&nbsp;<\/p>\n<p><strong>Naucalpan, Estado de M\u00e9xico<\/strong>.-Con la finalidad de acercar servicios m\u00e9dicos y asistenciales a diversas comunidades, el Sistema para el Desarrollo Integral de la Familia (DIF) Naucalpan, realiza la \u201cJornada de Servicios\u201d, a trav\u00e9s de la cual se han atendido a m\u00e1s de 3 mil personas.<\/p>\n<p>La Presidenta del DIF municipal, Liliana de Olvera, inform\u00f3 que la jornada ofrece m\u00e1s de 80 servicios m\u00e9dicos y asistenciales. Los habitantes son atendidos por especialistas que trabajan en las cl\u00ednicas 5 de Mayo, Arcos, Especialidades M\u00e9dicas y en los 26 consultorios perif\u00e9ricos.<\/p>\n<p>Liliana de Olvera, se\u00f1al\u00f3 que una caravana de diversas subdirecciones del Sistema DIF Naucalpan, ha recorrido comunidades como Lomas Verdes Tercera Secci\u00f3n, La Alte\u00f1a, La Concordia, Vista del Valle Secci\u00f3n Electricistas, Lomas de las Fuentes y Jardines de San Mateo.<\/p>\n<p>Puntualiz\u00f3 que en los pr\u00f3ximos d\u00edas, la \u201cJornada de Servicios\u201d, estar\u00e1 en Las Marinas, Ciudad Brisa, Izcalli del Bosque, Las Am\u00e9ricas, Pueblo de San Miguel Tecamachalco, Tecamachalco y El Mirador.<\/p>\n<p>Los vecinos que acuden a estas jornadas, cuentan con diversos servicios como,\u00a0 matrimonios civiles, testamentos, asesor\u00eda jur\u00eddica, afiliaci\u00f3n al INAPAM, actividades de clubes de adultos mayores, bolsa de trabajo, planchado de cejas y manicure, entre otros.<\/p>\n<p>Adem\u00e1s, los asistentes pueden adquirir despensas a bajo costo, recibir atenci\u00f3n psicol\u00f3gica, consultas de nutrici\u00f3n, odontolog\u00eda, toma de presi\u00f3n arterial, detecci\u00f3n de glucosa, medicina general y corte de cabello.<\/p>\n<p>Esta jornada es parte del programa Campamento de Servicios que, por varios meses la administraci\u00f3n municipal realiz\u00f3 en diversas comunidades, creando un v\u00ednculo entre gobierno municipal y los habitantes de Naucalpan, Ciudad con Vida.<\/p>\n<p>&nbsp;<\/p>\n","protected":false},"excerpt":{"rendered":"<p>Con la finalidad de acercar servicios m\u00e9dicos y asistenciales a diversas comunidades, el Sistema para el Desarrollo Integral de la Familia (DIF) Naucalpan, realiza la \u201cJornada de Servicios\u201d, a trav\u00e9s de la cual se han atendido a m\u00e1s de 3 mil personas.<\/p>\n","protected":false},"author":3,"featured_media":300030,"comment_status":"open","ping_status":"open","sticky":false,"template":"","format":"standard","meta":{"_monsterinsights_skip_tracking":false,"_monsterinsights_sitenote_active":false,"_monsterinsights_sitenote_note":"","_monsterinsights_sitenote_category":0,"footnotes":""},"categories":[35155],"tags":[2954,43675,6755,970],"class_list":["post-299949","post","type-post","status-publish","format-standard","has-post-thumbnail","hentry","category-estado-de-mexico-estado-de-mexico","tag-dif","tag-estado-de-mexico","tag-medicos","tag-naucalpan"],"_links":{"self":[{"href":"https:\/\/www.diarioimagen.net\/index.php?rest_route=\/wp\/v2\/posts\/299949","targetHints":{"allow":["GET"]}}],"collection":[{"href":"https:\/\/www.diarioimagen.net\/index.php?rest_route=\/wp\/v2\/posts"}],"about":[{"href":"https:\/\/www.diarioimagen.net\/index.php?rest_route=\/wp\/v2\/types\/post"}],"author":[{"embeddable":true,"href":"https:\/\/www.diarioimagen.net\/index.php?rest_route=\/wp\/v2\/users\/3"}],"replies":[{"embeddable":true,"href":"https:\/\/www.diarioimagen.net\/index.php?rest_route=%2Fwp%2Fv2%2Fcomments&post=299949"}],"version-history":[{"count":0,"href":"https:\/\/www.diarioimagen.net\/index.php?rest_route=\/wp\/v2\/posts\/299949\/revisions"}],"wp:featuredmedia":[{"embeddable":true,"href":"https:\/\/www.diarioimagen.net\/index.php?rest_route=\/wp\/v2\/media\/300030"}],"wp:attachment":[{"href":"https:\/\/www.diarioimagen.net\/index.php?rest_route=%2Fwp%2Fv2%2Fmedia&parent=299949"}],"wp:term":[{"taxonomy":"category","embeddable":true,"href":"https:\/\/www.diarioimagen.net\/index.php?rest_route=%2Fwp%2Fv2%2Fcategories&post=299949"},{"taxonomy":"post_tag","embeddable":true,"href":"https:\/\/www.diarioimagen.net\/index.php?rest_route=%2Fwp%2Fv2%2Ftags&post=299949"}],"curies":[{"name":"wp","href":"https:\/\/api.w.org\/{rel}","templated":true}]}}