{"id":299956,"date":"2016-11-23T00:02:09","date_gmt":"2016-11-23T06:02:09","guid":{"rendered":"http:\/\/www.diarioimagen.net\/?p=299956"},"modified":"2016-11-23T06:24:36","modified_gmt":"2016-11-23T12:24:36","slug":"huixquilucan-reporta-saldo-blanco-en-buen-fin","status":"publish","type":"post","link":"https:\/\/www.diarioimagen.net\/?p=299956","title":{"rendered":"Huixquilucan reporta saldo  blanco en \u201cBuen Fin\u201d"},"content":{"rendered":"<p><a href=\"http:\/\/www.diarioimagen.net\/?attachment_id=300039\" rel=\"attachment wp-att-300039\"><img loading=\"lazy\" decoding=\"async\" class=\"aligncenter size-large wp-image-300039\" src=\"http:\/\/www.diarioimagen.net\/wp-content\/uploads\/2016\/11\/HUIXQUILUCAN-3003-460x259.jpg\" alt=\"huixquilucan-3003\" width=\"460\" height=\"259\" srcset=\"https:\/\/www.diarioimagen.net\/wp-content\/uploads\/2016\/11\/HUIXQUILUCAN-3003-460x259.jpg 460w, https:\/\/www.diarioimagen.net\/wp-content\/uploads\/2016\/11\/HUIXQUILUCAN-3003-240x135.jpg 240w, https:\/\/www.diarioimagen.net\/wp-content\/uploads\/2016\/11\/HUIXQUILUCAN-3003-235x132.jpg 235w, https:\/\/www.diarioimagen.net\/wp-content\/uploads\/2016\/11\/HUIXQUILUCAN-3003-202x114.jpg 202w, https:\/\/www.diarioimagen.net\/wp-content\/uploads\/2016\/11\/HUIXQUILUCAN-3003-350x196.jpg 350w, https:\/\/www.diarioimagen.net\/wp-content\/uploads\/2016\/11\/HUIXQUILUCAN-3003-220x123.jpg 220w, https:\/\/www.diarioimagen.net\/wp-content\/uploads\/2016\/11\/HUIXQUILUCAN-3003-237x132.jpg 237w, https:\/\/www.diarioimagen.net\/wp-content\/uploads\/2016\/11\/HUIXQUILUCAN-3003.jpg 480w\" sizes=\"auto, (max-width: 460px) 100vw, 460px\" \/><\/a><\/p>\n<p>&nbsp;<\/p>\n<p><strong>Huixquilucan, Estado de M\u00e9xico.- <\/strong>Los operativos realizados por la Direcci\u00f3n General de Seguridad P\u00fablica y Vialidad, durante el \u201cBuen Fin\u201d, dieron como resultado saldo blanco, inform\u00f3 el presidente municipal, Enrique Vargas del Villar, quien reconoci\u00f3 el trabajo de la corporaci\u00f3n. Inform\u00f3, que el Gobierno del Estado de M\u00e9xico felicit\u00f3 al municipio por los dispositivos realizados durante este fin de semana. \u201cEste es un trabajo de 24 horas que hacen todos nuestros polic\u00edas y por eso les hago un reconocimiento a todos ellos\u201d.<\/p>\n","protected":false},"excerpt":{"rendered":"<p>Los operativos realizados por la Direcci\u00f3n General de Seguridad P\u00fablica y Vialidad, durante el \u201cBuen Fin\u201d, dieron como resultado saldo blanco, inform\u00f3 el presidente municipal, Enrique Vargas del Villar, quien reconoci\u00f3 el trabajo de la corporaci\u00f3n. Inform\u00f3, que el Gobierno del Estado de M\u00e9xico felicit\u00f3 al municipio por los dispositivos realizados durante este fin de semana. \u201cEste es un trabajo de 24 horas que hacen todos nuestros polic\u00edas y por eso les hago un reconocimiento a todos ellos\u201d.<\/p>\n","protected":false},"author":3,"featured_media":300039,"comment_status":"open","ping_status":"open","sticky":false,"template":"","format":"standard","meta":{"_monsterinsights_skip_tracking":false,"_monsterinsights_sitenote_active":false,"_monsterinsights_sitenote_note":"","_monsterinsights_sitenote_category":0,"footnotes":""},"categories":[35155],"tags":[20779,43675,1097],"class_list":["post-299956","post","type-post","status-publish","format-standard","has-post-thumbnail","hentry","category-estado-de-mexico-estado-de-mexico","tag-buen-fin","tag-estado-de-mexico","tag-huixquilucan"],"_links":{"self":[{"href":"https:\/\/www.diarioimagen.net\/index.php?rest_route=\/wp\/v2\/posts\/299956","targetHints":{"allow":["GET"]}}],"collection":[{"href":"https:\/\/www.diarioimagen.net\/index.php?rest_route=\/wp\/v2\/posts"}],"about":[{"href":"https:\/\/www.diarioimagen.net\/index.php?rest_route=\/wp\/v2\/types\/post"}],"author":[{"embeddable":true,"href":"https:\/\/www.diarioimagen.net\/index.php?rest_route=\/wp\/v2\/users\/3"}],"replies":[{"embeddable":true,"href":"https:\/\/www.diarioimagen.net\/index.php?rest_route=%2Fwp%2Fv2%2Fcomments&post=299956"}],"version-history":[{"count":0,"href":"https:\/\/www.diarioimagen.net\/index.php?rest_route=\/wp\/v2\/posts\/299956\/revisions"}],"wp:featuredmedia":[{"embeddable":true,"href":"https:\/\/www.diarioimagen.net\/index.php?rest_route=\/wp\/v2\/media\/300039"}],"wp:attachment":[{"href":"https:\/\/www.diarioimagen.net\/index.php?rest_route=%2Fwp%2Fv2%2Fmedia&parent=299956"}],"wp:term":[{"taxonomy":"category","embeddable":true,"href":"https:\/\/www.diarioimagen.net\/index.php?rest_route=%2Fwp%2Fv2%2Fcategories&post=299956"},{"taxonomy":"post_tag","embeddable":true,"href":"https:\/\/www.diarioimagen.net\/index.php?rest_route=%2Fwp%2Fv2%2Ftags&post=299956"}],"curies":[{"name":"wp","href":"https:\/\/api.w.org\/{rel}","templated":true}]}}