{"id":299968,"date":"2016-11-23T00:05:34","date_gmt":"2016-11-23T06:05:34","guid":{"rendered":"http:\/\/www.diarioimagen.net\/?p=299968"},"modified":"2016-11-23T06:28:12","modified_gmt":"2016-11-23T12:28:12","slug":"liberan-271-lotes-en-zonas-de-riesgo-de-atizapan-de-zaragoza","status":"publish","type":"post","link":"https:\/\/www.diarioimagen.net\/?p=299968","title":{"rendered":"Liberan 271 lotes en zonas de riesgo de Atizap\u00e1n de Zaragoza"},"content":{"rendered":"<ul>\n<li><strong><em>Seguridad y certeza jur\u00eddica en la titulaci\u00f3n<\/em><\/strong><\/li>\n<\/ul>\n<p>&nbsp;<\/p>\n<div id=\"attachment_300050\" style=\"width: 470px\" class=\"wp-caption aligncenter\"><a href=\"http:\/\/www.diarioimagen.net\/?attachment_id=300050\" rel=\"attachment wp-att-300050\"><img loading=\"lazy\" decoding=\"async\" aria-describedby=\"caption-attachment-300050\" class=\"size-large wp-image-300050\" src=\"http:\/\/www.diarioimagen.net\/wp-content\/uploads\/2016\/11\/ATIZAPAN-3003-460x259.jpg\" alt=\"El gobierno de Ana Mar\u00eda Balderas Trejo, a trav\u00e9s de la Direcci\u00f3n de Desarrollo Urbano, ha liberado 271 lotes en zonas de riesgo del municipio.\" width=\"460\" height=\"259\" srcset=\"https:\/\/www.diarioimagen.net\/wp-content\/uploads\/2016\/11\/ATIZAPAN-3003-460x259.jpg 460w, https:\/\/www.diarioimagen.net\/wp-content\/uploads\/2016\/11\/ATIZAPAN-3003-240x135.jpg 240w, https:\/\/www.diarioimagen.net\/wp-content\/uploads\/2016\/11\/ATIZAPAN-3003-235x132.jpg 235w, https:\/\/www.diarioimagen.net\/wp-content\/uploads\/2016\/11\/ATIZAPAN-3003-202x114.jpg 202w, https:\/\/www.diarioimagen.net\/wp-content\/uploads\/2016\/11\/ATIZAPAN-3003-350x196.jpg 350w, https:\/\/www.diarioimagen.net\/wp-content\/uploads\/2016\/11\/ATIZAPAN-3003-220x123.jpg 220w, https:\/\/www.diarioimagen.net\/wp-content\/uploads\/2016\/11\/ATIZAPAN-3003-237x132.jpg 237w, https:\/\/www.diarioimagen.net\/wp-content\/uploads\/2016\/11\/ATIZAPAN-3003.jpg 480w\" sizes=\"auto, (max-width: 460px) 100vw, 460px\" \/><\/a><p id=\"caption-attachment-300050\" class=\"wp-caption-text\">El gobierno de Ana Mar\u00eda Balderas Trejo, a trav\u00e9s de la Direcci\u00f3n de Desarrollo Urbano, ha liberado 271 lotes en zonas de riesgo del municipio.<\/p><\/div>\n<p>&nbsp;<\/p>\n<p><strong>Atizap\u00e1n, Estado de M\u00e9xico<\/strong>.- Con la finalidad de ofrecer seguridad y certeza jur\u00eddica en la titulaci\u00f3n de los derechos al patrimonio social de los atizmpenses, la administraci\u00f3n de la presidenta municipal, Ana Mar\u00eda Balderas Trejo, a trav\u00e9s de la Direcci\u00f3n de Desarrollo Urbano, ha liberado 271 lotes en zonas de riesgo del municipio.<\/p>\n<p>\u201cLos tres niveles de gobierno estamos trabajando de manera conjunta para implementar acciones jur\u00eddicas y sociales que contribuyan a la prevenci\u00f3n de asentamientos humanos irregulares en zonas no aptas para un desarrollo urbano sustentable; adem\u00e1s de fortalecer la operaci\u00f3n de pol\u00edticas y programas de suelo que contribuyan al ordenamiento\u00a0 del territorio municipal\u201d, destac\u00f3 la mun\u00edcipe.<\/p>\n<p>A lo largo de este a\u00f1o, la subdirecci\u00f3n local de la Tenencia de la Tierra, ha participado en las 10 sesiones del Comit\u00e9 Municipal de Prevenci\u00f3n y Control del Crecimiento Urbano, adem\u00e1s de realizar recorridos con la Comisi\u00f3n edilicia de Desarrollo Urbano y Obra P\u00fablica para identificar f\u00edsicamente los lotes que se pretenden liberar en el territorio.<\/p>\n<p>En estas sesiones se ha estudiado, analizado y dictaminado la integraci\u00f3n de los expedientes de los 271 lotes a liberar, con el prop\u00f3sito de obtener el acuerdo de Cabildo por medio del cual fueron certificados para su integraci\u00f3n al casco urbano municipal.<\/p>\n<p>Con estas acciones, m\u00e1s de mil 355 personas de las colonias Lomas de las Torres, M\u00e9xico 86, El Potrero, Ampliaci\u00f3n Emiliano Zapata, Ampl. Villa de las Palmas, Ejidos de San Miguel Chalma, San Miguel Xochimanga, Emiliano Zapata, Ampl. Emiliano Zapata, El Capul\u00edn, Ampl. El Capul\u00edn, Bosques de Primavera, Miraflores, Revoluci\u00f3n y Atizap\u00e1n 2000 ser\u00e1n beneficiadas.<\/p>\n<p>La Alcaldesa agreg\u00f3 que el pr\u00f3ximo a\u00f1o, su gobierno redoblar\u00e1 esfuerzos para liberar m\u00e1s de 600 predios que se encuentran ubicados entre las limitantes de restricci\u00f3n de zonas federales e invasi\u00f3n del derecho de v\u00eda.<\/p>\n<p>&nbsp;<\/p>\n","protected":false},"excerpt":{"rendered":"<p>Con la finalidad de ofrecer seguridad y certeza jur\u00eddica en la titulaci\u00f3n de los derechos al patrimonio social de los atizmpenses, la administraci\u00f3n de la presidenta municipal, Ana Mar\u00eda Balderas Trejo, a trav\u00e9s de la Direcci\u00f3n de Desarrollo Urbano, ha liberado 271 lotes en zonas de riesgo del municipio.<\/p>\n","protected":false},"author":3,"featured_media":300050,"comment_status":"open","ping_status":"open","sticky":false,"template":"","format":"standard","meta":{"_monsterinsights_skip_tracking":false,"_monsterinsights_sitenote_active":false,"_monsterinsights_sitenote_note":"","_monsterinsights_sitenote_category":0,"footnotes":""},"categories":[35155],"tags":[969,43675,17392],"class_list":["post-299968","post","type-post","status-publish","format-standard","has-post-thumbnail","hentry","category-estado-de-mexico-estado-de-mexico","tag-atizapan","tag-estado-de-mexico","tag-riesgo"],"_links":{"self":[{"href":"https:\/\/www.diarioimagen.net\/index.php?rest_route=\/wp\/v2\/posts\/299968","targetHints":{"allow":["GET"]}}],"collection":[{"href":"https:\/\/www.diarioimagen.net\/index.php?rest_route=\/wp\/v2\/posts"}],"about":[{"href":"https:\/\/www.diarioimagen.net\/index.php?rest_route=\/wp\/v2\/types\/post"}],"author":[{"embeddable":true,"href":"https:\/\/www.diarioimagen.net\/index.php?rest_route=\/wp\/v2\/users\/3"}],"replies":[{"embeddable":true,"href":"https:\/\/www.diarioimagen.net\/index.php?rest_route=%2Fwp%2Fv2%2Fcomments&post=299968"}],"version-history":[{"count":0,"href":"https:\/\/www.diarioimagen.net\/index.php?rest_route=\/wp\/v2\/posts\/299968\/revisions"}],"wp:featuredmedia":[{"embeddable":true,"href":"https:\/\/www.diarioimagen.net\/index.php?rest_route=\/wp\/v2\/media\/300050"}],"wp:attachment":[{"href":"https:\/\/www.diarioimagen.net\/index.php?rest_route=%2Fwp%2Fv2%2Fmedia&parent=299968"}],"wp:term":[{"taxonomy":"category","embeddable":true,"href":"https:\/\/www.diarioimagen.net\/index.php?rest_route=%2Fwp%2Fv2%2Fcategories&post=299968"},{"taxonomy":"post_tag","embeddable":true,"href":"https:\/\/www.diarioimagen.net\/index.php?rest_route=%2Fwp%2Fv2%2Ftags&post=299968"}],"curies":[{"name":"wp","href":"https:\/\/api.w.org\/{rel}","templated":true}]}}