{"id":300159,"date":"2016-11-24T00:09:28","date_gmt":"2016-11-24T06:09:28","guid":{"rendered":"http:\/\/www.diarioimagen.net\/?p=300159"},"modified":"2016-11-24T05:27:25","modified_gmt":"2016-11-24T11:27:25","slug":"atienden-quejas-por-inseguridad","status":"publish","type":"post","link":"https:\/\/www.diarioimagen.net\/?p=300159","title":{"rendered":"Atienden quejas por inseguridad"},"content":{"rendered":"<h2>Arco Norte<\/h2>\n<h5>Jos\u00e9 Luis Monta\u00f1ez Aguilar<\/h5>\n<p>&nbsp;<\/p>\n<p><a href=\"http:\/\/www.diarioimagen.net\/?attachment_id=300258\" rel=\"attachment wp-att-300258\"><img loading=\"lazy\" decoding=\"async\" class=\"aligncenter size-large wp-image-300258\" src=\"http:\/\/www.diarioimagen.net\/wp-content\/uploads\/2016\/11\/arco-3004-460x259.jpg\" alt=\"arco-3004\" width=\"460\" height=\"259\" srcset=\"https:\/\/www.diarioimagen.net\/wp-content\/uploads\/2016\/11\/arco-3004-460x259.jpg 460w, https:\/\/www.diarioimagen.net\/wp-content\/uploads\/2016\/11\/arco-3004-240x135.jpg 240w, https:\/\/www.diarioimagen.net\/wp-content\/uploads\/2016\/11\/arco-3004-235x132.jpg 235w, https:\/\/www.diarioimagen.net\/wp-content\/uploads\/2016\/11\/arco-3004-202x114.jpg 202w, https:\/\/www.diarioimagen.net\/wp-content\/uploads\/2016\/11\/arco-3004-350x196.jpg 350w, https:\/\/www.diarioimagen.net\/wp-content\/uploads\/2016\/11\/arco-3004-220x123.jpg 220w, https:\/\/www.diarioimagen.net\/wp-content\/uploads\/2016\/11\/arco-3004-237x132.jpg 237w, https:\/\/www.diarioimagen.net\/wp-content\/uploads\/2016\/11\/arco-3004.jpg 480w\" sizes=\"auto, (max-width: 460px) 100vw, 460px\" \/><\/a><\/p>\n<p>&nbsp;<\/p>\n<p>Para escuchar y dar soluciones a las demandas de vecinos de la colonia La Joya, principalmente sobre seguridad p\u00fablica y servicios, el gobernador Eruviel \u00c1vila, acompa\u00f1ado de Miguel \u00c1ngel Osorio, secretario de Gobernaci\u00f3n y de Rosario Robles, secretaria de Desarrollo Agrario, Territorial y Urbano, recorrieron la noche del martes las principales calles de esta comunidad.<\/p>\n<p>As\u00ed que tras escuchar a los colonos, el gobernador Eruviel \u00c1vila se comprometi\u00f3 a que en\u00a0 breve ser\u00e1n reparadas las luminarias que no funcionan, y anunci\u00f3 que la plaza p\u00fablica de la localidad recibir\u00e1 mantenimiento. Agreg\u00f3 que se realizar\u00e1 una jornada de asistencia m\u00e9dica con personal del IMSS e ISSSTE para atender gratuitamente a las mujeres, as\u00ed como vacunas contra la influenza y brindar atenci\u00f3n a personas con diabetes e hipertensi\u00f3n.<\/p>\n<p>Por su parte, la se\u00f1ora Josefina Robledo, vecina del lugar,\u00a0 manifest\u00f3 su preocupaci\u00f3n por las condiciones de seguridad, principalmente para las mujeres, debido a fallas en las luminarias de la colonia y que el m\u00f3dulo de polic\u00eda no opera. En respuesta, Eruviel \u00c1vila mencion\u00f3 que en breve se entregar\u00e1 una patrulla nueva y se arreglar\u00e1 el m\u00f3dulo policiaco, adem\u00e1s de que elementos de la polic\u00eda estatal y de la Gendarmer\u00eda apoyar\u00e1n en la vigilancia.<\/p>\n<p style=\"text-align: center;\"><strong>Son micro, peque\u00f1as y medianas empresas 95% de negocios<\/strong><\/p>\n<p>En el Estado de M\u00e9xico el 95 por ciento de los negocios son Micro, Peque\u00f1as y Medianas Empresas, por ello durante los \u00faltimos cinco a\u00f1os, la administraci\u00f3n estatal ha realizado diferentes acciones para hacer que esas unidades econ\u00f3micas se consoliden y tengan un mayor tiempo de vida, a trav\u00e9s de la entrega de dos mil 850 microcr\u00e9ditos y la capacitaci\u00f3n\u00a0 a 27 mil 700 emprendedores.<\/p>\n<p>As\u00ed lo indic\u00f3 la subsecretaria de Fomento Industrial del gobierno mexiquense, Laura Gonz\u00e1lez Hern\u00e1ndez, durante la inauguraci\u00f3n del Foro Mexiquense del Emprendedor.<\/p>\n<p>Por su parte, Enrique Jacob Rocha mencion\u00f3 que se ha trabajado activamente para identificar proyectos y conocer las necesidades de los emprendedores, pero sobre todo en crear un enlace con instituciones educativas para que tengan un equipo de profesionales que les ayuden a solucionar sus necesidades.<\/p>\n<p><em><a href=\"mailto:montanezaguilar@gmail.com\" target=\"_blank\">montanezaguilar@gmail.com<\/a><\/em><\/p>\n","protected":false},"excerpt":{"rendered":"<p><span style=\"color: #005497;\">Jos\u00e9 Luis Monta\u00f1ez Aguilar<\/span><br \/>\n<br \/>\nPara escuchar y dar soluciones a las demandas de vecinos de la colonia La Joya, principalmente sobre seguridad p\u00fablica y servicios, el gobernador Eruviel \u00c1vila, acompa\u00f1ado de Miguel \u00c1ngel Osorio, secretario de Gobernaci\u00f3n y de Rosario Robles, secretaria de Desarrollo Agrario, Territorial y Urbano, recorrieron la noche del martes las principales calles de esta comunidad.<\/p>\n","protected":false},"author":3,"featured_media":300258,"comment_status":"open","ping_status":"open","sticky":false,"template":"","format":"standard","meta":{"_monsterinsights_skip_tracking":false,"_monsterinsights_sitenote_active":false,"_monsterinsights_sitenote_note":"","_monsterinsights_sitenote_category":0,"footnotes":""},"categories":[5],"tags":[13284,43704,43674],"class_list":["post-300159","post","type-post","status-publish","format-standard","has-post-thumbnail","hentry","category-estado-de-mexico","tag-arco-norte","tag-jose-luis-montanez-aguilar","tag-opinion"],"_links":{"self":[{"href":"https:\/\/www.diarioimagen.net\/index.php?rest_route=\/wp\/v2\/posts\/300159","targetHints":{"allow":["GET"]}}],"collection":[{"href":"https:\/\/www.diarioimagen.net\/index.php?rest_route=\/wp\/v2\/posts"}],"about":[{"href":"https:\/\/www.diarioimagen.net\/index.php?rest_route=\/wp\/v2\/types\/post"}],"author":[{"embeddable":true,"href":"https:\/\/www.diarioimagen.net\/index.php?rest_route=\/wp\/v2\/users\/3"}],"replies":[{"embeddable":true,"href":"https:\/\/www.diarioimagen.net\/index.php?rest_route=%2Fwp%2Fv2%2Fcomments&post=300159"}],"version-history":[{"count":0,"href":"https:\/\/www.diarioimagen.net\/index.php?rest_route=\/wp\/v2\/posts\/300159\/revisions"}],"wp:featuredmedia":[{"embeddable":true,"href":"https:\/\/www.diarioimagen.net\/index.php?rest_route=\/wp\/v2\/media\/300258"}],"wp:attachment":[{"href":"https:\/\/www.diarioimagen.net\/index.php?rest_route=%2Fwp%2Fv2%2Fmedia&parent=300159"}],"wp:term":[{"taxonomy":"category","embeddable":true,"href":"https:\/\/www.diarioimagen.net\/index.php?rest_route=%2Fwp%2Fv2%2Fcategories&post=300159"},{"taxonomy":"post_tag","embeddable":true,"href":"https:\/\/www.diarioimagen.net\/index.php?rest_route=%2Fwp%2Fv2%2Ftags&post=300159"}],"curies":[{"name":"wp","href":"https:\/\/api.w.org\/{rel}","templated":true}]}}