{"id":300171,"date":"2016-11-24T00:07:08","date_gmt":"2016-11-24T06:07:08","guid":{"rendered":"http:\/\/www.diarioimagen.net\/?p=300171"},"modified":"2016-11-25T03:04:57","modified_gmt":"2016-11-25T09:04:57","slug":"aun-no-hay-interlocutor-con-equipo-de-trump-epn","status":"publish","type":"post","link":"https:\/\/www.diarioimagen.net\/?p=300171","title":{"rendered":"A\u00fan no hay interlocutor con equipo de Trump: EPN"},"content":{"rendered":"<ul>\n<li><strong><em>Ataja el Presidente trascendidos<\/em><\/strong><\/li>\n<\/ul>\n<p>&nbsp;<\/p>\n<div id=\"attachment_300297\" style=\"width: 470px\" class=\"wp-caption aligncenter\"><a href=\"http:\/\/www.diarioimagen.net\/?attachment_id=300297\" rel=\"attachment wp-att-300297\"><img loading=\"lazy\" decoding=\"async\" aria-describedby=\"caption-attachment-300297\" class=\"size-large wp-image-300297\" src=\"http:\/\/www.diarioimagen.net\/wp-content\/uploads\/2016\/11\/epn-3004-460x259.jpg\" alt=\"Enrique Pe\u00f1a Nieto encabez\u00f3 en el puerto de Guaymas, Sonora, la conmemoraci\u00f3n del D\u00eda de la Armada.\" width=\"460\" height=\"259\" srcset=\"https:\/\/www.diarioimagen.net\/wp-content\/uploads\/2016\/11\/epn-3004-460x259.jpg 460w, https:\/\/www.diarioimagen.net\/wp-content\/uploads\/2016\/11\/epn-3004-240x135.jpg 240w, https:\/\/www.diarioimagen.net\/wp-content\/uploads\/2016\/11\/epn-3004-235x132.jpg 235w, https:\/\/www.diarioimagen.net\/wp-content\/uploads\/2016\/11\/epn-3004-202x114.jpg 202w, https:\/\/www.diarioimagen.net\/wp-content\/uploads\/2016\/11\/epn-3004-350x196.jpg 350w, https:\/\/www.diarioimagen.net\/wp-content\/uploads\/2016\/11\/epn-3004-220x123.jpg 220w, https:\/\/www.diarioimagen.net\/wp-content\/uploads\/2016\/11\/epn-3004-237x132.jpg 237w, https:\/\/www.diarioimagen.net\/wp-content\/uploads\/2016\/11\/epn-3004.jpg 480w\" sizes=\"auto, (max-width: 460px) 100vw, 460px\" \/><\/a><p id=\"caption-attachment-300297\" class=\"wp-caption-text\">Enrique Pe\u00f1a Nieto encabez\u00f3 en el puerto de Guaymas, Sonora, la conmemoraci\u00f3n del D\u00eda de la Armada.<\/p><\/div>\n<p>&nbsp;<\/p>\n<p>El presidente Enrique Pe\u00f1a Nieto indic\u00f3 que su gobierno no ha designado a nadie como interlocutor con el equipo del presidente electo de Estados Unidos, Donald Trump.<\/p>\n<p>\u201cNo hay designaci\u00f3n absolutamente de nadie en este momento, para asumir una tarea de representaci\u00f3n del gobierno\u201d, pues el equipo del empresario norteamericano todav\u00eda se est\u00e1 integrando y en proceso de transici\u00f3n.<\/p>\n<p>En entrevista en Guaymas, Sonora, a donde acudi\u00f3 a la conmemoraci\u00f3n del D\u00eda de la Armada, el mandatario federal subray\u00f3 que una vez que lo defina el gobierno electo, cuando las instituciones y el gobierno de M\u00e9xico entablen relaci\u00f3n..<\/p>\n<p>Pe\u00f1a Nieto llam\u00f3 a no caer en especulaciones sobre la supuesta designaci\u00f3n de interlocutores entre el gobierno de M\u00e9xico y el equipo de Donald Trump, como se ha manejado en algunos medios.<\/p>\n<p>\u201cSer\u00e1 gobierno a gobierno\u201d, una vez que el de Estados Unidos asuma su responsabilidad el 20 de enero pr\u00f3ximo, y que \u201cno hay nada sobre ese tema\u201d, dijo en referencia a algunos nombres que se han manejado como enlace.<\/p>\n<p>El titular del ejecutivo federal indic\u00f3 que hasta el momento no hay ninguna fecha para un encuentro con el presidente estadounidense electo, y que en el di\u00e1logo que sostuvieron percibi\u00f3 una buena disposici\u00f3n para tratar diversos temas.<\/p>\n<p>Enfatiz\u00f3 que seguir\u00e1 privilegiando el di\u00e1logo para poder trazar una ruta con el nuevo gobierno de Estados Unidos, una nueva agenda en la relaci\u00f3n bilateral, que aborde los temas sensibles para ambos gobiernos, con pleno respeto a la soberan\u00eda.<\/p>\n<p>Dijo que esta ser\u00e1 la tarea a la que habr\u00e1 de avocarse su gobierno una vez que Donald Trump asuma sus funciones, \u201ctodo lo dem\u00e1s son meras especulaciones que no tienen ning\u00fan sustento\u201d, y que el gobierno federal trabaja a trav\u00e9s de los titulares de las distintas dependencias para finalizar la agenda ya establecida con la Uni\u00f3n Americana e iniciar una nueva ruta de trabajo.<\/p>\n<p>\u201cEn este momento no hay di\u00e1logo, ni conversaciones, ni dialogo, ni definici\u00f3n de persona alguna que se est\u00e9 ocupando de esta tarea\u201d, subray\u00f3.<\/p>\n<p>En otro tema, el presidente Pe\u00f1a Nieto dijo que se debe esperar a las definiciones que tome el gobierno de Estados Unidos sobre el Acuerdo de Asociaci\u00f3n Transpac\u00edfico (TPP) una vez que entre en funciones, pero reconoci\u00f3 que sobre el asunto, el nuevo gobierno tiene una posici\u00f3n muy clara, pero M\u00e9xico seguir\u00e1 trabajando en la ruta de libre comercio.<\/p>\n<p>Apunt\u00f3 que en los avances sobre el TPP la realidad es que M\u00e9xico tiene un Acuerdo de Libre Comercio celebrado con 46 pa\u00edses, \u201cy que queremos intensificar y ampliar el nivel de comercio que tenemos con esos pa\u00edses\u201d.<\/p>\n<p>Dijo que es un asunto prioritario el Tratado de Libre Comercio que se tiene con Norteam\u00e9rica, aunque reconoci\u00f3 que se debe dar tiempo al gobierno electo de Estados Unidos, para que integre el nuevo gabinete, por lo que no se deben apurar los temas, aunque M\u00e9xico tiene claro cu\u00e1les son los prioritarios para el pa\u00eds.<\/p>\n","protected":false},"excerpt":{"rendered":"<p>El presidente Enrique Pe\u00f1a Nieto indic\u00f3 que su gobierno no ha designado a nadie como interlocutor con el equipo del presidente electo de Estados Unidos, Donald Trump. \u201cNo hay designaci\u00f3n absolutamente de nadie en este momento, para asumir una tarea de representaci\u00f3n del gobierno\u201d, pues el equipo del empresario norteamericano todav\u00eda se est\u00e1 integrando y en proceso de transici\u00f3n.<\/p>\n","protected":false},"author":3,"featured_media":300297,"comment_status":"open","ping_status":"open","sticky":false,"template":"","format":"standard","meta":{"_monsterinsights_skip_tracking":false,"_monsterinsights_sitenote_active":false,"_monsterinsights_sitenote_note":"","_monsterinsights_sitenote_category":0,"footnotes":""},"categories":[3],"tags":[41813,18,177,44],"class_list":["post-300171","post","type-post","status-publish","format-standard","has-post-thumbnail","hentry","category-nacional","tag-donald-trump","tag-enrique-pena-nieto","tag-estados-unidos","tag-mexico"],"_links":{"self":[{"href":"https:\/\/www.diarioimagen.net\/index.php?rest_route=\/wp\/v2\/posts\/300171","targetHints":{"allow":["GET"]}}],"collection":[{"href":"https:\/\/www.diarioimagen.net\/index.php?rest_route=\/wp\/v2\/posts"}],"about":[{"href":"https:\/\/www.diarioimagen.net\/index.php?rest_route=\/wp\/v2\/types\/post"}],"author":[{"embeddable":true,"href":"https:\/\/www.diarioimagen.net\/index.php?rest_route=\/wp\/v2\/users\/3"}],"replies":[{"embeddable":true,"href":"https:\/\/www.diarioimagen.net\/index.php?rest_route=%2Fwp%2Fv2%2Fcomments&post=300171"}],"version-history":[{"count":0,"href":"https:\/\/www.diarioimagen.net\/index.php?rest_route=\/wp\/v2\/posts\/300171\/revisions"}],"wp:featuredmedia":[{"embeddable":true,"href":"https:\/\/www.diarioimagen.net\/index.php?rest_route=\/wp\/v2\/media\/300297"}],"wp:attachment":[{"href":"https:\/\/www.diarioimagen.net\/index.php?rest_route=%2Fwp%2Fv2%2Fmedia&parent=300171"}],"wp:term":[{"taxonomy":"category","embeddable":true,"href":"https:\/\/www.diarioimagen.net\/index.php?rest_route=%2Fwp%2Fv2%2Fcategories&post=300171"},{"taxonomy":"post_tag","embeddable":true,"href":"https:\/\/www.diarioimagen.net\/index.php?rest_route=%2Fwp%2Fv2%2Ftags&post=300171"}],"curies":[{"name":"wp","href":"https:\/\/api.w.org\/{rel}","templated":true}]}}