{"id":300179,"date":"2016-11-24T00:07:29","date_gmt":"2016-11-24T06:07:29","guid":{"rendered":"http:\/\/www.diarioimagen.net\/?p=300179"},"modified":"2016-11-24T05:31:54","modified_gmt":"2016-11-24T11:31:54","slug":"inauguran-en-tlalnepantla-xvi-congreso-nacional-de-mediacion","status":"publish","type":"post","link":"https:\/\/www.diarioimagen.net\/?p=300179","title":{"rendered":"Inauguran en Tlalnepantla XVI Congreso Nacional de Mediaci\u00f3n"},"content":{"rendered":"<ul>\n<li><strong><em>Municipio con cultura de paz: Denisse Ugalde<\/em><\/strong><\/li>\n<\/ul>\n<p>&nbsp;<\/p>\n<div id=\"attachment_300267\" style=\"width: 470px\" class=\"wp-caption aligncenter\"><a href=\"http:\/\/www.diarioimagen.net\/?attachment_id=300267\" rel=\"attachment wp-att-300267\"><img loading=\"lazy\" decoding=\"async\" aria-describedby=\"caption-attachment-300267\" class=\"size-large wp-image-300267\" src=\"http:\/\/www.diarioimagen.net\/wp-content\/uploads\/2016\/11\/TLALNEPANTLA-3004-460x259.jpg\" alt=\"La alcaldesa Denisse Ugalde Alegr\u00eda inaugur\u00f3 el XVI Congreso Nacional de Mediaci\u00f3n que organiza el instituto del ramo.\" width=\"460\" height=\"259\" srcset=\"https:\/\/www.diarioimagen.net\/wp-content\/uploads\/2016\/11\/TLALNEPANTLA-3004-460x259.jpg 460w, https:\/\/www.diarioimagen.net\/wp-content\/uploads\/2016\/11\/TLALNEPANTLA-3004-240x135.jpg 240w, https:\/\/www.diarioimagen.net\/wp-content\/uploads\/2016\/11\/TLALNEPANTLA-3004-235x132.jpg 235w, https:\/\/www.diarioimagen.net\/wp-content\/uploads\/2016\/11\/TLALNEPANTLA-3004-202x114.jpg 202w, https:\/\/www.diarioimagen.net\/wp-content\/uploads\/2016\/11\/TLALNEPANTLA-3004-350x196.jpg 350w, https:\/\/www.diarioimagen.net\/wp-content\/uploads\/2016\/11\/TLALNEPANTLA-3004-220x123.jpg 220w, https:\/\/www.diarioimagen.net\/wp-content\/uploads\/2016\/11\/TLALNEPANTLA-3004-237x132.jpg 237w, https:\/\/www.diarioimagen.net\/wp-content\/uploads\/2016\/11\/TLALNEPANTLA-3004.jpg 480w\" sizes=\"auto, (max-width: 460px) 100vw, 460px\" \/><\/a><p id=\"caption-attachment-300267\" class=\"wp-caption-text\">La alcaldesa Denisse Ugalde Alegr\u00eda inaugur\u00f3 el XVI Congreso Nacional de Mediaci\u00f3n que organiza el instituto del ramo.<\/p><\/div>\n<p>&nbsp;<\/p>\n<p><strong>Tlalnepantla, Estado de M\u00e9xico<\/strong>.- Al inaugurar el XVI Congreso Nacional de Mediaci\u00f3n, la alcaldesa Denisse Ugalde Alegr\u00eda reiter\u00f3 el compromiso que la administraci\u00f3n 2016-2018 tiene para consolidar a Tlalnepantla como un municipio con cultura de paz y de esta forma prevenir la violencia y la delincuencia.<\/p>\n<p>Ante ponentes nacionales e internacionales que se dieron cita en el Teatro Centenario, la presidenta municipal afirm\u00f3 que ante los discursos de odio, conflicto, intolerancia y agresividad que d\u00eda tras d\u00eda ganan terreno a nivel mundial, es trascendental que los gobiernos locales hagan de la mediaci\u00f3n y conciliaci\u00f3n una pol\u00edtica p\u00fablica.<\/p>\n<p>\u201cEs en los municipios donde se logran las verdaderas transformaciones que el pa\u00eds requiere, de ah\u00ed que desde el inicio de esta administraci\u00f3n hayamos trabajado en impulsar la mediaci\u00f3n como una forma alternativa en la soluci\u00f3n de conflictos, encamin\u00e1ndonos a lograr nuestro objetivo\u201d, apunt\u00f3.<\/p>\n<p>Agradeci\u00f3 a Jorge\u00a0Pesqueira Leal, presidente del Instituto de Mediaci\u00f3n de M\u00e9xico, la distinci\u00f3n para que Tlalnepantla fuera sede de este congreso en el que durante cuatro d\u00edas especialistas en el tema intercambian experiencias que contribuyan a una cultura de paz.<\/p>\n<p>Denisse Ugalde record\u00f3 que este municipio surgi\u00f3 de la conciliaci\u00f3n de dos culturas, de ah\u00ed que diariamente se trabaje en esta materia; muestra de ello es que en lo que va del a\u00f1o se ha capacitado a m\u00e1s de mil 300 personas en cursos inductivos para que tengan las herramientas b\u00e1sicas para ser conciliadores y poder solucionar conflictos pac\u00edficamente en sus comunidades.<\/p>\n<p>Por su parte, Jorge Pesqueira reconoci\u00f3 los esfuerzos que el gobierno local ha realizado para posicionar el Centro P\u00fablico Municipal de Mediaci\u00f3n y Conciliaci\u00f3n y as\u00ed promover entre los ciudadanos la justicia restaurativa. Puntualiz\u00f3 que este congreso ser\u00e1 un espacio de transmisi\u00f3n de conocimientos, reflexi\u00f3n y, principalmente, generaci\u00f3n de ideas, lo que contribuir\u00e1 a impulsar los trabajos que en esta materia realiza el gobierno municipal.<\/p>\n<p>&nbsp;<\/p>\n","protected":false},"excerpt":{"rendered":"<p>Al inaugurar el XVI Congreso Nacional de Mediaci\u00f3n, la alcaldesa Denisse Ugalde Alegr\u00eda reiter\u00f3 el compromiso que la administraci\u00f3n 2016-2018 tiene para consolidar a Tlalnepantla como un municipio con cultura de paz y de esta forma prevenir la violencia y la delincuencia.<\/p>\n","protected":false},"author":3,"featured_media":300267,"comment_status":"open","ping_status":"open","sticky":false,"template":"","format":"standard","meta":{"_monsterinsights_skip_tracking":false,"_monsterinsights_sitenote_active":false,"_monsterinsights_sitenote_note":"","_monsterinsights_sitenote_category":0,"footnotes":""},"categories":[35155],"tags":[45490,43675,169],"class_list":["post-300179","post","type-post","status-publish","format-standard","has-post-thumbnail","hentry","category-estado-de-mexico-estado-de-mexico","tag-denisse-ugalde-alegria","tag-estado-de-mexico","tag-tlalnepantla"],"_links":{"self":[{"href":"https:\/\/www.diarioimagen.net\/index.php?rest_route=\/wp\/v2\/posts\/300179","targetHints":{"allow":["GET"]}}],"collection":[{"href":"https:\/\/www.diarioimagen.net\/index.php?rest_route=\/wp\/v2\/posts"}],"about":[{"href":"https:\/\/www.diarioimagen.net\/index.php?rest_route=\/wp\/v2\/types\/post"}],"author":[{"embeddable":true,"href":"https:\/\/www.diarioimagen.net\/index.php?rest_route=\/wp\/v2\/users\/3"}],"replies":[{"embeddable":true,"href":"https:\/\/www.diarioimagen.net\/index.php?rest_route=%2Fwp%2Fv2%2Fcomments&post=300179"}],"version-history":[{"count":0,"href":"https:\/\/www.diarioimagen.net\/index.php?rest_route=\/wp\/v2\/posts\/300179\/revisions"}],"wp:featuredmedia":[{"embeddable":true,"href":"https:\/\/www.diarioimagen.net\/index.php?rest_route=\/wp\/v2\/media\/300267"}],"wp:attachment":[{"href":"https:\/\/www.diarioimagen.net\/index.php?rest_route=%2Fwp%2Fv2%2Fmedia&parent=300179"}],"wp:term":[{"taxonomy":"category","embeddable":true,"href":"https:\/\/www.diarioimagen.net\/index.php?rest_route=%2Fwp%2Fv2%2Fcategories&post=300179"},{"taxonomy":"post_tag","embeddable":true,"href":"https:\/\/www.diarioimagen.net\/index.php?rest_route=%2Fwp%2Fv2%2Ftags&post=300179"}],"curies":[{"name":"wp","href":"https:\/\/api.w.org\/{rel}","templated":true}]}}