{"id":300183,"date":"2016-11-24T00:06:33","date_gmt":"2016-11-24T06:06:33","guid":{"rendered":"http:\/\/www.diarioimagen.net\/?p=300183"},"modified":"2016-11-24T05:33:10","modified_gmt":"2016-11-24T11:33:10","slug":"entrega-david-lopez-paquetes-escolares-a-alumnos-de-metepec","status":"publish","type":"post","link":"https:\/\/www.diarioimagen.net\/?p=300183","title":{"rendered":"Entrega David L\u00f3pez paquetes escolares a alumnos de Metepec"},"content":{"rendered":"<ul>\n<li><strong><em>Estudian en otros municipios<\/em><\/strong><\/li>\n<\/ul>\n<p>&nbsp;<\/p>\n<div id=\"attachment_300270\" style=\"width: 470px\" class=\"wp-caption aligncenter\"><a href=\"http:\/\/www.diarioimagen.net\/?attachment_id=300270\" rel=\"attachment wp-att-300270\"><img loading=\"lazy\" decoding=\"async\" aria-describedby=\"caption-attachment-300270\" class=\"size-large wp-image-300270\" src=\"http:\/\/www.diarioimagen.net\/wp-content\/uploads\/2016\/11\/METEPEC-3004-460x307.jpg\" alt=\"El alcalde David L\u00f3pez C\u00e1rdenas ampli\u00f3 el programa \u201cMetepec Decide Contigo por la Educaci\u00f3n\u201d.\" width=\"460\" height=\"307\" srcset=\"https:\/\/www.diarioimagen.net\/wp-content\/uploads\/2016\/11\/METEPEC-3004-460x307.jpg 460w, https:\/\/www.diarioimagen.net\/wp-content\/uploads\/2016\/11\/METEPEC-3004-240x160.jpg 240w, https:\/\/www.diarioimagen.net\/wp-content\/uploads\/2016\/11\/METEPEC-3004.jpg 700w\" sizes=\"auto, (max-width: 460px) 100vw, 460px\" \/><\/a><p id=\"caption-attachment-300270\" class=\"wp-caption-text\">El alcalde David L\u00f3pez C\u00e1rdenas ampli\u00f3 el programa \u201cMetepec Decide Contigo por la Educaci\u00f3n\u201d.<\/p><\/div>\n<p>&nbsp;<\/p>\n<p><strong>Metepec, Estado de M\u00e9xico<\/strong>.- El gobierno que encabeza el alcalde David L\u00f3pez C\u00e1rdenas, ampli\u00f3 el programa \u201cMetepec Decide Contigo por la Educaci\u00f3n\u201d, favoreciendo en esta ocasi\u00f3n a 438 escolares que estudian en instituciones p\u00fablicas ubicadas en municipios vecinos.<\/p>\n<p>Con el objetivo de contribuir a la econom\u00eda familiar, el presidente municipal entreg\u00f3 en la colonia Jorge Jim\u00e9nez Cant\u00fa, paquetes escolares consistentes en mochila, chamarra y calzado deportivo para los alumnos del jard\u00edn de ni\u00f1os Gustavo Baz Prada y de las escuelas primarias Adri\u00e1n Ortega Monroy y Revoluci\u00f3n, de la capital mexiquense, as\u00ed como a estudiantes que cursan su grados escolares en los municipios de San Mateo Atenco y Lerma.<\/p>\n<p>Para la consecuci\u00f3n de los apoyos, L\u00f3pez C\u00e1rdenas gestion\u00f3 la solicitud de padres de familia, favoreciendo a sus hijos con el programa que arranc\u00f3 en el mes de agosto en 127 escuelas p\u00fablicas de nivel b\u00e1sico.<\/p>\n<p>\u201cEste programa es pionero, sin precedentes; ya cuenta con 38 mil beneficiarios. Hoy hacemos realidad este apoyo, incorporando a alumnos que est\u00e1n en escuelas situadas en los l\u00edmites del municipio, que albergan matr\u00edcula de vecinos metepequenses\u201d, se\u00f1al\u00f3 el alcalde, quien estuvo acompa\u00f1ado de la diputada local, Laura Barrera Fortoul y de la titular del DIF municipal, Gabriela Bringas Abarca.<\/p>\n<p>El edil, agreg\u00f3 que \u201cMetepec Decide Contigo por la Educaci\u00f3n\u201d surgi\u00f3 de los talleres de planeaci\u00f3n participativa realizados en las 11 comunidades de la demarcaci\u00f3n que sirvieron para conformar el Plan de Desarrollo Municipal, y que se llevar\u00e1 a cabo en los dos a\u00f1os siguientes de la administraci\u00f3n, sin distinci\u00f3n de edad, nivel socioecon\u00f3mico, n\u00famero de hijos o promedio.<\/p>\n<p>Previamente, en la misma gira de trabajo, 278 estudiantes del jard\u00edn de ni\u00f1os Luisa I. Campos de Jim\u00e9nez Cant\u00fa, en el Barrio de Coaxustenco, tambi\u00e9n recibieron los paquetes con gran benepl\u00e1cito, toda vez que, en el acto, Laura Barrera Fortoul, ofreci\u00f3 para todos los peque\u00f1ines del Centro de Desarrollo Infantil (CDI), una excursi\u00f3n al zool\u00f3gico de Zacango, alegrando a\u00fan m\u00e1s la ma\u00f1ana que estuvo llena de sorpresas.<\/p>\n<p>&nbsp;<\/p>\n","protected":false},"excerpt":{"rendered":"<p>El gobierno que encabeza el alcalde David L\u00f3pez C\u00e1rdenas, ampli\u00f3 el programa \u201cMetepec Decide Contigo por la Educaci\u00f3n\u201d, favoreciendo en esta ocasi\u00f3n a 438 escolares que estudian en instituciones p\u00fablicas ubicadas en municipios vecinos.<\/p>\n","protected":false},"author":3,"featured_media":300270,"comment_status":"open","ping_status":"open","sticky":false,"template":"","format":"standard","meta":{"_monsterinsights_skip_tracking":false,"_monsterinsights_sitenote_active":false,"_monsterinsights_sitenote_note":"","_monsterinsights_sitenote_category":0,"footnotes":""},"categories":[35155],"tags":[43675,876],"class_list":["post-300183","post","type-post","status-publish","format-standard","has-post-thumbnail","hentry","category-estado-de-mexico-estado-de-mexico","tag-estado-de-mexico","tag-metepec"],"_links":{"self":[{"href":"https:\/\/www.diarioimagen.net\/index.php?rest_route=\/wp\/v2\/posts\/300183","targetHints":{"allow":["GET"]}}],"collection":[{"href":"https:\/\/www.diarioimagen.net\/index.php?rest_route=\/wp\/v2\/posts"}],"about":[{"href":"https:\/\/www.diarioimagen.net\/index.php?rest_route=\/wp\/v2\/types\/post"}],"author":[{"embeddable":true,"href":"https:\/\/www.diarioimagen.net\/index.php?rest_route=\/wp\/v2\/users\/3"}],"replies":[{"embeddable":true,"href":"https:\/\/www.diarioimagen.net\/index.php?rest_route=%2Fwp%2Fv2%2Fcomments&post=300183"}],"version-history":[{"count":0,"href":"https:\/\/www.diarioimagen.net\/index.php?rest_route=\/wp\/v2\/posts\/300183\/revisions"}],"wp:featuredmedia":[{"embeddable":true,"href":"https:\/\/www.diarioimagen.net\/index.php?rest_route=\/wp\/v2\/media\/300270"}],"wp:attachment":[{"href":"https:\/\/www.diarioimagen.net\/index.php?rest_route=%2Fwp%2Fv2%2Fmedia&parent=300183"}],"wp:term":[{"taxonomy":"category","embeddable":true,"href":"https:\/\/www.diarioimagen.net\/index.php?rest_route=%2Fwp%2Fv2%2Fcategories&post=300183"},{"taxonomy":"post_tag","embeddable":true,"href":"https:\/\/www.diarioimagen.net\/index.php?rest_route=%2Fwp%2Fv2%2Ftags&post=300183"}],"curies":[{"name":"wp","href":"https:\/\/api.w.org\/{rel}","templated":true}]}}