{"id":300185,"date":"2016-11-24T00:05:21","date_gmt":"2016-11-24T06:05:21","guid":{"rendered":"http:\/\/www.diarioimagen.net\/?p=300185"},"modified":"2016-11-24T05:34:38","modified_gmt":"2016-11-24T11:34:38","slug":"naucalpan-operativo-nocturno-de-reparacion-de-luminarias","status":"publish","type":"post","link":"https:\/\/www.diarioimagen.net\/?p=300185","title":{"rendered":"Naucalpan: operativo nocturno de reparaci\u00f3n de luminarias"},"content":{"rendered":"<p><a href=\"http:\/\/www.diarioimagen.net\/?attachment_id=300273\" rel=\"attachment wp-att-300273\"><img loading=\"lazy\" decoding=\"async\" class=\"aligncenter size-large wp-image-300273\" src=\"http:\/\/www.diarioimagen.net\/wp-content\/uploads\/2016\/11\/NAUCALPAN-3004-460x336.jpg\" alt=\"naucalpan-3004\" width=\"460\" height=\"336\" srcset=\"https:\/\/www.diarioimagen.net\/wp-content\/uploads\/2016\/11\/NAUCALPAN-3004-460x336.jpg 460w, https:\/\/www.diarioimagen.net\/wp-content\/uploads\/2016\/11\/NAUCALPAN-3004-240x176.jpg 240w, https:\/\/www.diarioimagen.net\/wp-content\/uploads\/2016\/11\/NAUCALPAN-3004-90x65.jpg 90w, https:\/\/www.diarioimagen.net\/wp-content\/uploads\/2016\/11\/NAUCALPAN-3004.jpg 700w\" sizes=\"auto, (max-width: 460px) 100vw, 460px\" \/><\/a><\/p>\n<p>&nbsp;<\/p>\n<p><strong>Naucalpan, Estado de M\u00e9xico.-<\/strong>El gobierno local,a trav\u00e9s de la Direcci\u00f3n General de Servicios P\u00fablicos, refuerza el operativo nocturno de mantenimiento al sistema de alumbrado p\u00fablico, a trav\u00e9s del cual se han reparado o cambiado m\u00e1s de 6 mil luminarias en la demarcaci\u00f3n.<\/p>\n<p>Estos trabajos que se realizan en avenidas principales y calles de las diversas comunidades del municipio, forman parte de las acciones que implementa esta administraci\u00f3n para mejorar la seguridad, ya que el cambio y reparaci\u00f3n de las l\u00e1mparas ofrece una mejor iluminaci\u00f3n.<\/p>\n","protected":false},"excerpt":{"rendered":"<p>El gobierno local,a trav\u00e9s de la Direcci\u00f3n General de Servicios P\u00fablicos, refuerza el operativo nocturno de mantenimiento al sistema de alumbrado p\u00fablico, a trav\u00e9s del cual se han reparado o cambiado m\u00e1s de 6 mil luminarias en la demarcaci\u00f3n. <\/p>\n","protected":false},"author":3,"featured_media":300273,"comment_status":"open","ping_status":"open","sticky":false,"template":"","format":"standard","meta":{"_monsterinsights_skip_tracking":false,"_monsterinsights_sitenote_active":false,"_monsterinsights_sitenote_note":"","_monsterinsights_sitenote_category":0,"footnotes":""},"categories":[35155],"tags":[43675,48964,970,23168],"class_list":["post-300185","post","type-post","status-publish","format-standard","has-post-thumbnail","hentry","category-estado-de-mexico-estado-de-mexico","tag-estado-de-mexico","tag-luminarias","tag-naucalpan","tag-reparacion"],"_links":{"self":[{"href":"https:\/\/www.diarioimagen.net\/index.php?rest_route=\/wp\/v2\/posts\/300185","targetHints":{"allow":["GET"]}}],"collection":[{"href":"https:\/\/www.diarioimagen.net\/index.php?rest_route=\/wp\/v2\/posts"}],"about":[{"href":"https:\/\/www.diarioimagen.net\/index.php?rest_route=\/wp\/v2\/types\/post"}],"author":[{"embeddable":true,"href":"https:\/\/www.diarioimagen.net\/index.php?rest_route=\/wp\/v2\/users\/3"}],"replies":[{"embeddable":true,"href":"https:\/\/www.diarioimagen.net\/index.php?rest_route=%2Fwp%2Fv2%2Fcomments&post=300185"}],"version-history":[{"count":0,"href":"https:\/\/www.diarioimagen.net\/index.php?rest_route=\/wp\/v2\/posts\/300185\/revisions"}],"wp:featuredmedia":[{"embeddable":true,"href":"https:\/\/www.diarioimagen.net\/index.php?rest_route=\/wp\/v2\/media\/300273"}],"wp:attachment":[{"href":"https:\/\/www.diarioimagen.net\/index.php?rest_route=%2Fwp%2Fv2%2Fmedia&parent=300185"}],"wp:term":[{"taxonomy":"category","embeddable":true,"href":"https:\/\/www.diarioimagen.net\/index.php?rest_route=%2Fwp%2Fv2%2Fcategories&post=300185"},{"taxonomy":"post_tag","embeddable":true,"href":"https:\/\/www.diarioimagen.net\/index.php?rest_route=%2Fwp%2Fv2%2Ftags&post=300185"}],"curies":[{"name":"wp","href":"https:\/\/api.w.org\/{rel}","templated":true}]}}