{"id":300187,"date":"2016-11-24T00:04:39","date_gmt":"2016-11-24T06:04:39","guid":{"rendered":"http:\/\/www.diarioimagen.net\/?p=300187"},"modified":"2016-11-24T05:35:45","modified_gmt":"2016-11-24T11:35:45","slug":"tiene-95-de-empresas-de-ecatepec-rezago-en-tramites","status":"publish","type":"post","link":"https:\/\/www.diarioimagen.net\/?p=300187","title":{"rendered":"Tiene 95% de empresas de Ecatepec rezago en tr\u00e1mites"},"content":{"rendered":"<ul>\n<li><strong><em>Programa de regularizaci\u00f3n<\/em><\/strong><\/li>\n<\/ul>\n<p>&nbsp;<\/p>\n<div id=\"attachment_300276\" style=\"width: 470px\" class=\"wp-caption aligncenter\"><a href=\"http:\/\/www.diarioimagen.net\/?attachment_id=300276\" rel=\"attachment wp-att-300276\"><img loading=\"lazy\" decoding=\"async\" aria-describedby=\"caption-attachment-300276\" class=\"size-large wp-image-300276\" src=\"http:\/\/www.diarioimagen.net\/wp-content\/uploads\/2016\/11\/ECATEPEC-3004-460x259.jpg\" alt=\"La Uni\u00f3n Industrial del Estado de M\u00e9xico (UNIDEM) y el ayuntamiento acordaron un programa para la regularizaci\u00f3n de tr\u00e1mites.\" width=\"460\" height=\"259\" srcset=\"https:\/\/www.diarioimagen.net\/wp-content\/uploads\/2016\/11\/ECATEPEC-3004-460x259.jpg 460w, https:\/\/www.diarioimagen.net\/wp-content\/uploads\/2016\/11\/ECATEPEC-3004-240x135.jpg 240w, https:\/\/www.diarioimagen.net\/wp-content\/uploads\/2016\/11\/ECATEPEC-3004-235x132.jpg 235w, https:\/\/www.diarioimagen.net\/wp-content\/uploads\/2016\/11\/ECATEPEC-3004-202x114.jpg 202w, https:\/\/www.diarioimagen.net\/wp-content\/uploads\/2016\/11\/ECATEPEC-3004-350x196.jpg 350w, https:\/\/www.diarioimagen.net\/wp-content\/uploads\/2016\/11\/ECATEPEC-3004-220x123.jpg 220w, https:\/\/www.diarioimagen.net\/wp-content\/uploads\/2016\/11\/ECATEPEC-3004-237x132.jpg 237w, https:\/\/www.diarioimagen.net\/wp-content\/uploads\/2016\/11\/ECATEPEC-3004.jpg 480w\" sizes=\"auto, (max-width: 460px) 100vw, 460px\" \/><\/a><p id=\"caption-attachment-300276\" class=\"wp-caption-text\">La Uni\u00f3n Industrial del Estado de M\u00e9xico (UNIDEM) y el ayuntamiento acordaron un programa para la regularizaci\u00f3n de tr\u00e1mites.<\/p><\/div>\n<p>&nbsp;<\/p>\n<p><strong>Ecatepec, Estado de M\u00e9xico<\/strong>.-\u00a0 Debido a que cerca de un 95 por ciento de empresas asentadas en Ecatepec enfrentan alg\u00fan rezago en pago de derechos, impuestos o tr\u00e1mites, la Uni\u00f3n Industrial del Estado de M\u00e9xico (UNIDEM) y el Ayuntamiento local acordaron un programa para la regularizaci\u00f3n de este sector antes de que concluya el a\u00f1o.<\/p>\n<p>Francisco Cuevas Dobarganes, director general de la uni\u00f3n explic\u00f3 que algunos de los tr\u00e1mites en que los industriales podr\u00e1n obtener beneficios fiscales antes de que termine el a\u00f1o son el pago de derechos de traslado de dominio, de estacionamiento, predial, agua, descarga de aguas residuales, de impuestos sobre anuncios publicitarios y refrendo anual de licencias de funcionamiento y para la venta de bebidas alcoh\u00f3licas.<\/p>\n<p>Coment\u00f3 que el impuesto y derecho con mayor rezago es la descarga de aguas residuales, pues m\u00e1s del 65 por ciento de los empresarios no cumplen con esa obligaci\u00f3n, ya que anteriormente la ley no era muy precisa y se interpon\u00edan una gran cantidad de amparos;\u00a0 ahora que est\u00e1 bien fundamentada, es muy importante ponerse al corriente y evitar que los adeudos crezcan.<\/p>\n<p>Mientras que para el resto de obligaciones, se calcula que un 95 por ciento de industrias presentan rezagos o no han actualizado alguna licencia o tr\u00e1mite, por lo exhortaron a que se aprovechen las facilidades y descuentos otorgados por el gobierno municipal.<\/p>\n<p>La UNIDEM asegur\u00f3 que para las empresas, es muy importante tener al d\u00eda los pagos del impuesto predial y del traslado de dominio, ya que es la base para que los terrenos e instalaciones jur\u00eddicamente est\u00e9n protegidos y en el caso del predial, es un requisito que se pide para tramitar otras licencias y pago de derechos.<\/p>\n<p>\u201cValoramos la disposici\u00f3n del Ayuntamiento de Ecatepec de que el programa de regularizaci\u00f3n se extienda para usos comerciales e industriales, ya que se trata de una gran apoyo para la econom\u00eda de las empresas y por otro lado, contribuye a tener mayor certeza jur\u00eddica en la inversiones al cumplir con todas obligaciones municipales. En breve intentaremos que este esfuerzo se replique en otros municipios de la zona conurbada\u201d, apunt\u00f3 el representante de UNIDEM.<\/p>\n<p>&nbsp;<\/p>\n","protected":false},"excerpt":{"rendered":"<p>Debido a que cerca de un 95 por ciento de empresas asentadas en Ecatepec enfrentan alg\u00fan rezago en pago de derechos, impuestos o tr\u00e1mites, la Uni\u00f3n Industrial del Estado de M\u00e9xico (UNIDEM) y el Ayuntamiento local acordaron un programa para la regularizaci\u00f3n de este sector antes de que concluya el a\u00f1o.  <\/p>\n","protected":false},"author":3,"featured_media":300276,"comment_status":"open","ping_status":"open","sticky":false,"template":"","format":"standard","meta":{"_monsterinsights_skip_tracking":false,"_monsterinsights_sitenote_active":false,"_monsterinsights_sitenote_note":"","_monsterinsights_sitenote_category":0,"footnotes":""},"categories":[35155],"tags":[454,43675,55890],"class_list":["post-300187","post","type-post","status-publish","format-standard","has-post-thumbnail","hentry","category-estado-de-mexico-estado-de-mexico","tag-ecatepec","tag-estado-de-mexico","tag-union-industrial-del-estado-de-mexico"],"_links":{"self":[{"href":"https:\/\/www.diarioimagen.net\/index.php?rest_route=\/wp\/v2\/posts\/300187","targetHints":{"allow":["GET"]}}],"collection":[{"href":"https:\/\/www.diarioimagen.net\/index.php?rest_route=\/wp\/v2\/posts"}],"about":[{"href":"https:\/\/www.diarioimagen.net\/index.php?rest_route=\/wp\/v2\/types\/post"}],"author":[{"embeddable":true,"href":"https:\/\/www.diarioimagen.net\/index.php?rest_route=\/wp\/v2\/users\/3"}],"replies":[{"embeddable":true,"href":"https:\/\/www.diarioimagen.net\/index.php?rest_route=%2Fwp%2Fv2%2Fcomments&post=300187"}],"version-history":[{"count":0,"href":"https:\/\/www.diarioimagen.net\/index.php?rest_route=\/wp\/v2\/posts\/300187\/revisions"}],"wp:featuredmedia":[{"embeddable":true,"href":"https:\/\/www.diarioimagen.net\/index.php?rest_route=\/wp\/v2\/media\/300276"}],"wp:attachment":[{"href":"https:\/\/www.diarioimagen.net\/index.php?rest_route=%2Fwp%2Fv2%2Fmedia&parent=300187"}],"wp:term":[{"taxonomy":"category","embeddable":true,"href":"https:\/\/www.diarioimagen.net\/index.php?rest_route=%2Fwp%2Fv2%2Fcategories&post=300187"},{"taxonomy":"post_tag","embeddable":true,"href":"https:\/\/www.diarioimagen.net\/index.php?rest_route=%2Fwp%2Fv2%2Ftags&post=300187"}],"curies":[{"name":"wp","href":"https:\/\/api.w.org\/{rel}","templated":true}]}}