{"id":300212,"date":"2016-11-24T00:01:49","date_gmt":"2016-11-24T06:01:49","guid":{"rendered":"http:\/\/www.diarioimagen.net\/?p=300212"},"modified":"2016-11-24T05:50:17","modified_gmt":"2016-11-24T11:50:17","slug":"kevin-g-mcallister-es-el-nuevo-presidente-y-consejero-delegado-de-boeing-commercial-airplanes-nombrado-por-dennis-muilenburg","status":"publish","type":"post","link":"https:\/\/www.diarioimagen.net\/?p=300212","title":{"rendered":"Kevin G. McAllister es el nuevo presidente y Consejero Delegado de <em>Boeing Commercial Airplanes<\/em>, nombrado por Dennis Muilenburg"},"content":{"rendered":"<h2>De cinco estrellas<\/h2>\n<h5>Victoria Gonz\u00e1lez Prado<\/h5>\n<p>&nbsp;<\/p>\n<ul>\n<li><em><strong>Las mejores bandas mexicanas int\u00e9rpretes de la m\u00fasica del Cuarteto de Liverpool en el <\/strong><\/em><strong>Concierto The Beatles. Ayer, hoy y ma\u00f1ana<\/strong><\/li>\n<li><em><strong>Inaugura Fernando Olivera, titular de Turismo de Guanajuato, el Festival de la Paella que en esta ocasi\u00f3n ofreci\u00f3 80 variedades<\/strong><\/em><\/li>\n<\/ul>\n<p><strong>\u00a0<\/strong><\/p>\n<div id=\"attachment_300289\" style=\"width: 261px\" class=\"wp-caption alignleft\"><a href=\"http:\/\/www.diarioimagen.net\/?attachment_id=300289\" rel=\"attachment wp-att-300289\"><img loading=\"lazy\" decoding=\"async\" aria-describedby=\"caption-attachment-300289\" class=\" wp-image-300289\" src=\"http:\/\/www.diarioimagen.net\/wp-content\/uploads\/2016\/11\/Turismo-3004-307x460.jpg\" alt=\"Kevin G. McAllister.\" width=\"251\" height=\"376\" srcset=\"https:\/\/www.diarioimagen.net\/wp-content\/uploads\/2016\/11\/Turismo-3004-307x460.jpg 307w, https:\/\/www.diarioimagen.net\/wp-content\/uploads\/2016\/11\/Turismo-3004-160x240.jpg 160w, https:\/\/www.diarioimagen.net\/wp-content\/uploads\/2016\/11\/Turismo-3004.jpg 600w\" sizes=\"auto, (max-width: 251px) 100vw, 251px\" \/><\/a><p id=\"caption-attachment-300289\" class=\"wp-caption-text\">Kevin G. McAllister.<\/p><\/div>\n<p><strong>Dennis Muilenburg,<\/strong> presidente y Consejero Delegado de <em>Boeing,<\/em> anunci\u00f3 el nombramiento de <strong>Kevin G. McAllister<\/strong> como presidente y Consejero Delegado de <em>Boeing Commercial Airplanes<\/em> ocupando el lugar de <strong>Ray Conner<\/strong>, vicepresidente de la compa\u00f1\u00eda.<\/p>\n<p><strong>Conner<\/strong>, de 61 a\u00f1os, seguir\u00e1 siendo vicepresidente de <em>Boeing<\/em> durante 2017. Trabajar\u00e1 estrechamente con <strong>McAllister<\/strong> en los pr\u00f3ximos meses para traspasar de forma eficaz las relaciones con clientes, proveedores, comunidades y administraci\u00f3n, y para garantizar la continuidad de las operaciones y la atenci\u00f3n al cliente.<\/p>\n<p><strong>Conner <\/strong>tambi\u00e9n proporcionar\u00e1 supervisi\u00f3n estrat\u00e9gica y orientaci\u00f3n en la transici\u00f3n de la compa\u00f1\u00eda hacia un negocio \u00fanico de servicios integrados, y seguir\u00e1 involucrado en la estrategia de desarrollo de productos en <em>Commercial Airplanes.<\/em><\/p>\n<p>Teniendo en cuenta la pr\u00f3xima jubilaci\u00f3n de <strong>Conner <\/strong>y la expansi\u00f3n del mercado de servicios globales, el nombramiento fortalecer\u00e1 y har\u00e1 crecer a <em>Boeing<\/em> a\u00fan m\u00e1s, y nos ayudar\u00e1n a obtener los mejores resultados para nuestros clientes, empleados, accionistas y otros colaboradores en los pr\u00f3ximos a\u00f1os\u201d, asegur\u00f3 <strong>Muilenburg<\/strong>. \u201cAgradecemos a <strong>Ray<\/strong> su liderazgo y aportaciones a <em>Boeing<\/em> durante casi cuatro d\u00e9cadas, y seguiremos confiando en su amplia experiencia y en su perspicacia para apoyar las transiciones de liderazgo y negocio ya en marcha\u201d.<\/p>\n<p><strong>McAllister<\/strong>, de 53 a\u00f1os, se une a <em>Boeing <\/em>tras 27 a\u00f1os en <em>GE Aviation<\/em>, donde ha sido presidente y Consejero Delegado de <em>GE Aviation Services<\/em> desde 2014. Previamente fue vicepresidente y director general de marketing y ventas globales desde 2008, consiguiendo el r\u00e9cord de crecimiento de cartera para este negocio de GE, valorado en cerca de 25,000 millones de d\u00f3lares.<\/p>\n<p>\u201c<strong>Kevin<\/strong> es uno de los ejecutivos m\u00e1s destacados y mejor valorados del sector, y nos enorgullece que se una a <em>Boeing<\/em> y a nuestro equipo fuerte de <em>Commercial Airplanes<\/em>\u201d, asegur\u00f3 <strong>Muilenburg<\/strong>.<\/p>\n<p>\u201cEs un gran l\u00edder que ha acumulado conocimiento y experiencia en aviones comerciales durante d\u00e9cadas. Conoce <em>Boeing<\/em> bien, comparte nuestros valores y el compromiso con los nuestros; tiene la experiencia operativa y de negocios orientada a los resultados que necesitamos para dirigir esta unidad vital de nuestra compa\u00f1\u00eda, que est\u00e1 en continuo crecimiento\u201d.<\/p>\n<p>\u2730\u2730\u2730\u2730\u2730 Las mejores bandas mexicanas int\u00e9rpretes de la m\u00fasica del Cuarteto de Liverpool protagonizaron el domingo pasado el\u00a0 Concierto <em>The Beatles<\/em>. Ayer, hoy y ma\u00f1ana, que reuni\u00f3 a varias decenas de miles de seguidores de la hist\u00f3rica banda inglesa en la Plaza de la Constituci\u00f3n.<\/p>\n<p>Agrupaciones como\u00a0<em>The Beagles, London Town, The Wigs, Help<\/em> y Morsa\u00a0interpretaron el repertorio que <strong>Richard Starkey<\/strong>,\u00a0<strong>Ringo;\u00a0George<\/strong> <strong>Harrison<\/strong>;<strong> Paul McCartney<\/strong> y <strong>John Lennon<\/strong> hicieran famoso con calidad interpretativa durante cinco horas.<\/p>\n<p>De frente a la Catedral Metropolitana, el escenario, ba\u00f1ado de luces y enmarcado por las imponentes bater\u00edas de bocinas y amplificadores que formaron torres, dio lugar para el lucimiento de los experimentados m\u00fasicos rockeros; al fondo del escenario, una reproducci\u00f3n de\u00a0<em>The Cavern Club<\/em>, el bar en el que\u00a0<em>The Beatles\u00a0<\/em>se iniciaran, en Liverpool.<\/p>\n<p>Los maestros de ceremonia <strong>Wendy Sol\u00eds<\/strong> y <strong>Manuel Guerrero<\/strong> dieron inicio al concierto presentando a la Banda <em>Beagles <\/em>Los fan\u00e1ticos del\u00a0Cuarteto de Liverpool, escucharon las notas de\u00a0<em>We can work it now, Hello Good bye, I should have known better, A day in the life, Yellow submarine, All you need is love,<\/em> con el ingrediente adicional del sonido orquestal de muchas de sus mejores piezas.<\/p>\n<p>Antes de que iniciara el concierto, el secretario de Turismo capitalino, <strong>Miguel Torruco<\/strong>, hizo la entrega simb\u00f3lica a <strong>Ricardo Calder\u00f3n<\/strong> de la Constancia por haber establecido un nuevo R\u00e9cord Guinness en el 2015 por: \u201cLa mayor cantidad de personas caracterizadas como <em>The Beatles<\/em> y quienes cantaron al un\u00edsono <em>Let it be\u201d<\/em>, en el Bosque de Chapultepec.<\/p>\n<p>Luego, el funcionario present\u00f3 a un invitado especial, <strong>Vicente Rangel<\/strong>, migrante mexicano y capit\u00e1n del ej\u00e9rcito estadunidense, galardonado con tres medallas p\u00farpura, como un ejemplo de que los connacionales no solamente han servido a la econom\u00eda sino tambi\u00e9n a la defensa de los Estados Unidos y no como se ha dicho allende en la frontera que son de lo peor.<\/p>\n<p><strong>Rangel <\/strong>expres\u00f3 que junto con su familia migr\u00f3 a suelo estadunidense y durante dos generaciones ellos han mostrado con hechos que han contribuido a construir la fuerza que tiene la vecina naci\u00f3n del norte.<\/p>\n<p>La convocatoria forma parte de la campa\u00f1a\u00a0\u201cLos Beatles: Ayer, Hoy y Ma\u00f1ana\u201d, que desde el pasado agosto ha significado el montaje de exposiciones; la exhibici\u00f3n de documentales y la actuaci\u00f3n de distintas agrupaciones.<\/p>\n<p>Entre las actividades pendientes de realizar figura el recorrido especial a bordo de tres unidades de Turib\u00fas, que se conoce como el\u00a0Magical and Mistery Tour: m\u00fasica en vivo mientras se pasea por lugares emblem\u00e1ticos de la capital como el Z\u00f3calo, la avenida Paseo de la Reforma, entre otros y que se realizar\u00e1 el 14 de diciembre pr\u00f3ximo.<\/p>\n<p>Tambi\u00e9n del 15 al 18 del pr\u00f3ximo mes, en el Centro Cultural\u00a0Futurama\u00a0de la delegaci\u00f3n Gustavo A. Madero, tendr\u00e1 lugar\u00a0\u201cEl gran Festival de Los <em>Beatles\u201d.<\/em><\/p>\n<p>\u2730\u2730\u2730\u2730\u2730 El Club Rotario de Le\u00f3n, la Asociaci\u00f3n de Paelleros y la Secretar\u00eda de Turismo de Guanajuato llevaron a cabo el XXVII Festival de la Paella, el pasado domingo 13 de noviembre en las instalaciones de la Feria de Le\u00f3n.<\/p>\n<p>Desde las 13:00 horas, m\u00e1s de 3,000 personas degustaron 80 estilos diferentes de paella, en compa\u00f1\u00eda de m\u00fasica, presentaciones de ballet, jazz y flamenco.<\/p>\n<p>Adem\u00e1s de deleitar sus paladares, los asistentes apoyaron una causa noble, ya que este a\u00f1o el festival se realiz\u00f3 a beneficio del Taller de Oficios de la Casa Hogar San Antonio y del Instituto de Rehabilitaci\u00f3n y Educaci\u00f3n Especial (IREE), con un costo de recuperaci\u00f3n de 200 pesos para adultos y 110 pesos para menores de edad.<\/p>\n<p>El Secretario de Turismo, <strong>Fernando Olivera<\/strong> encabez\u00f3 la inauguraci\u00f3n de este Festival, donde en compa\u00f1\u00eda del presidente del Club Rotario, <strong>Jos\u00e9 Luis Andrade<\/strong> y el presidente del Comit\u00e9 Organizador, <strong>Sergio Pablo Tejada<\/strong>, reconoci\u00f3 la labor de <strong>Salvador Ferrer<\/strong> (qepd) fundador del Festival de la Paella.<\/p>\n<p><strong>Fernando Olivera<\/strong> entreg\u00f3 un distintivo a su familia y reconoci\u00f3 la gran labor social que durante a\u00f1os ha realizado este encuentro.<\/p>\n<p>Los productos de Guanajuato tambi\u00e9n participaron en el Festival de la Paella, en el stand \u2018Coraz\u00f3n de Guanajuato\u2019 donde ofrecieron productos t\u00edpicos del estado como Cajeta, fresas, dulces, mezcal y vino.<\/p>\n<p><em><a href=\"mailto:victoriagprado@gmail.com\" target=\"_blank\">victoriagprado@gmail.com<\/a><\/em><br \/>\n<em> Twitter: <a href=\"https:\/\/twitter.com\/victoriagprado\" target=\"_blank\">@victoriagprado<\/a><\/em><\/p>\n","protected":false},"excerpt":{"rendered":"<p><strong>Dennis Muilenburg,<\/strong> presidente y Consejero Delegado de <em>Boeing,<\/em> anunci\u00f3 el nombramiento de <strong>Kevin G. McAllister<\/strong> como presidente y Consejero Delegado de <em>Boeing Commercial Airplanes<\/em> ocupando el lugar de <strong>Ray Conner<\/strong>, vicepresidente de la compa\u00f1\u00eda.<\/p>\n","protected":false},"author":3,"featured_media":300290,"comment_status":"open","ping_status":"open","sticky":false,"template":"","format":"standard","meta":{"_monsterinsights_skip_tracking":false,"_monsterinsights_sitenote_active":false,"_monsterinsights_sitenote_note":"","_monsterinsights_sitenote_category":0,"footnotes":""},"categories":[11],"tags":[107,43674,43681,106],"class_list":["post-300212","post","type-post","status-publish","format-standard","has-post-thumbnail","hentry","category-turismo","tag-de-cinco-estrellas","tag-opinion","tag-turismo","tag-victoria-gonzalez-prado"],"_links":{"self":[{"href":"https:\/\/www.diarioimagen.net\/index.php?rest_route=\/wp\/v2\/posts\/300212","targetHints":{"allow":["GET"]}}],"collection":[{"href":"https:\/\/www.diarioimagen.net\/index.php?rest_route=\/wp\/v2\/posts"}],"about":[{"href":"https:\/\/www.diarioimagen.net\/index.php?rest_route=\/wp\/v2\/types\/post"}],"author":[{"embeddable":true,"href":"https:\/\/www.diarioimagen.net\/index.php?rest_route=\/wp\/v2\/users\/3"}],"replies":[{"embeddable":true,"href":"https:\/\/www.diarioimagen.net\/index.php?rest_route=%2Fwp%2Fv2%2Fcomments&post=300212"}],"version-history":[{"count":0,"href":"https:\/\/www.diarioimagen.net\/index.php?rest_route=\/wp\/v2\/posts\/300212\/revisions"}],"wp:featuredmedia":[{"embeddable":true,"href":"https:\/\/www.diarioimagen.net\/index.php?rest_route=\/wp\/v2\/media\/300290"}],"wp:attachment":[{"href":"https:\/\/www.diarioimagen.net\/index.php?rest_route=%2Fwp%2Fv2%2Fmedia&parent=300212"}],"wp:term":[{"taxonomy":"category","embeddable":true,"href":"https:\/\/www.diarioimagen.net\/index.php?rest_route=%2Fwp%2Fv2%2Fcategories&post=300212"},{"taxonomy":"post_tag","embeddable":true,"href":"https:\/\/www.diarioimagen.net\/index.php?rest_route=%2Fwp%2Fv2%2Ftags&post=300212"}],"curies":[{"name":"wp","href":"https:\/\/api.w.org\/{rel}","templated":true}]}}