{"id":300328,"date":"2016-11-25T00:10:30","date_gmt":"2016-11-25T06:10:30","guid":{"rendered":"http:\/\/www.diarioimagen.net\/?p=300328"},"modified":"2016-11-25T04:10:04","modified_gmt":"2016-11-25T10:10:04","slug":"entregan-la-medalla-belisario-dominguez-post-mortem-a-gonzalo-rivas","status":"publish","type":"post","link":"https:\/\/www.diarioimagen.net\/?p=300328","title":{"rendered":"Entregan la Belisario al \u201cH\u00e9roe de la Gasoliner\u00eda\u201d"},"content":{"rendered":"<ul>\n<li><strong><em>Post mortem<\/em><\/strong><\/li>\n<\/ul>\n<p>&nbsp;<\/p>\n<div id=\"attachment_300329\" style=\"width: 470px\" class=\"wp-caption aligncenter\"><a href=\"http:\/\/www.diarioimagen.net\/?attachment_id=300329\" rel=\"attachment wp-att-300329\"><img loading=\"lazy\" decoding=\"async\" aria-describedby=\"caption-attachment-300329\" class=\"size-large wp-image-300329\" src=\"http:\/\/www.diarioimagen.net\/wp-content\/uploads\/2016\/11\/MEDALLA25-portal-460x268.jpg\" alt=\"La madre de Gonzalo Rivas, Clitia del Socorro C\u00e1mara Murillo, recibi\u00f3 la Medalla Belisario Dom\u00ednguez.\" width=\"460\" height=\"268\" srcset=\"https:\/\/www.diarioimagen.net\/wp-content\/uploads\/2016\/11\/MEDALLA25-portal-460x268.jpg 460w, https:\/\/www.diarioimagen.net\/wp-content\/uploads\/2016\/11\/MEDALLA25-portal-240x140.jpg 240w, https:\/\/www.diarioimagen.net\/wp-content\/uploads\/2016\/11\/MEDALLA25-portal.jpg 480w\" sizes=\"auto, (max-width: 460px) 100vw, 460px\" \/><\/a><p id=\"caption-attachment-300329\" class=\"wp-caption-text\">La madre de Gonzalo Rivas, Clitia del Socorro C\u00e1mara Murillo, recibi\u00f3 la Medalla Belisario Dom\u00ednguez.<\/p><\/div>\n<p>&nbsp;<\/p>\n<p>En sesi\u00f3n solemne, el Senado de la Rep\u00fablica entreg\u00f3 la Medalla Belisario Dom\u00ednguez en grado post mortem a Gonzalo Rivas C\u00e1mara, conocido como el \u201cH\u00e9roe de la Gasoliner\u00eda\u201d quien con su acci\u00f3n evit\u00f3 una tragedia en Chilpancingo, Guerrero, en 2011.<\/p>\n<p>Con la presencia del presidente de la Rep\u00fablica, Enrique Pe\u00f1a Nieto, as\u00ed como del ministro de la Suprema Corte de Justicia de la Naci\u00f3n, Eduardo Medina Mora y del presidente del Senado, Pablo Escudero Morales se entreg\u00f3 la presea y el diploma correspondiente a la madre de Gonzalo Rivas, la se\u00f1ora Clitia del Socorro C\u00e1mara Murillo.<\/p>\n<p>La senadora Itzel R\u00edos de la Mora dio lectura a la hist\u00f3rica proclama de Don Belisario Dom\u00ednguez, distribuido el 23 de septiembre de 1913 en contra del entonces presidente del pa\u00eds y dictador, Victoriano Huerta.<\/p>\n<p>Gonzalo Rivas es el primer ciudadano que recibe, sin ser integrante de la clase pol\u00edtica, empresarial, acad\u00e9mica o cultural la m\u00e1xima presea que otorga el Estado mexicano, a trav\u00e9s del Senado, desde 1954.<\/p>\n<p>El llamado \u201cH\u00e9roe de la Gasoliner\u00eda\u201d el 12 de diciembre del 2011, en medio de una manifestaci\u00f3n estudiantil en Chilpancingo, Guerrero y una confrontaci\u00f3n con polic\u00edas, que deriv\u00f3 en un incendio, tom\u00f3 un extintor y roci\u00f3 una bomba de combustible para evitar que las llamas se propagaran. Sufri\u00f3 graves quemaduras y semanas despu\u00e9s muri\u00f3.<\/p>\n<p>La senadora del PAN, Sonia Mendoza D\u00edaz, dijo en tribuna que la entrega de este reconocimiento a Gonzalo Rivas no busca confrontar ni demeritar a ning\u00fan movimiento social en el pa\u00eds, sino s\u00f3lo reconocer el hero\u00edsmo de un ciudadano que con su acci\u00f3n evit\u00f3 una tragedia de grandes dimensiones. \u201cNo hay pol\u00edtica detr\u00e1s de la decisi\u00f3n\u201d, apunt\u00f3.<\/p>\n","protected":false},"excerpt":{"rendered":"<p>En sesi\u00f3n solemne, el Senado de la Rep\u00fablica entreg\u00f3 la Medalla Belisario Dom\u00ednguez en grado post mortem a Gonzalo Rivas C\u00e1mara, conocido como el \u201cH\u00e9roe de la Gasoliner\u00eda\u201d quien con su acci\u00f3n evit\u00f3 una tragedia en Chilpancingo, Guerrero, en 2011.<\/p>\n","protected":false},"author":5,"featured_media":300329,"comment_status":"open","ping_status":"open","sticky":false,"template":"","format":"standard","meta":{"_monsterinsights_skip_tracking":false,"_monsterinsights_sitenote_active":false,"_monsterinsights_sitenote_note":"","_monsterinsights_sitenote_category":0,"footnotes":""},"categories":[3],"tags":[18,20450,43673,116],"class_list":["post-300328","post","type-post","status-publish","format-standard","has-post-thumbnail","hentry","category-nacional","tag-enrique-pena-nieto","tag-medalla-belisario-dominguez","tag-nacional","tag-senado-de-la-republica"],"_links":{"self":[{"href":"https:\/\/www.diarioimagen.net\/index.php?rest_route=\/wp\/v2\/posts\/300328","targetHints":{"allow":["GET"]}}],"collection":[{"href":"https:\/\/www.diarioimagen.net\/index.php?rest_route=\/wp\/v2\/posts"}],"about":[{"href":"https:\/\/www.diarioimagen.net\/index.php?rest_route=\/wp\/v2\/types\/post"}],"author":[{"embeddable":true,"href":"https:\/\/www.diarioimagen.net\/index.php?rest_route=\/wp\/v2\/users\/5"}],"replies":[{"embeddable":true,"href":"https:\/\/www.diarioimagen.net\/index.php?rest_route=%2Fwp%2Fv2%2Fcomments&post=300328"}],"version-history":[{"count":0,"href":"https:\/\/www.diarioimagen.net\/index.php?rest_route=\/wp\/v2\/posts\/300328\/revisions"}],"wp:featuredmedia":[{"embeddable":true,"href":"https:\/\/www.diarioimagen.net\/index.php?rest_route=\/wp\/v2\/media\/300329"}],"wp:attachment":[{"href":"https:\/\/www.diarioimagen.net\/index.php?rest_route=%2Fwp%2Fv2%2Fmedia&parent=300328"}],"wp:term":[{"taxonomy":"category","embeddable":true,"href":"https:\/\/www.diarioimagen.net\/index.php?rest_route=%2Fwp%2Fv2%2Fcategories&post=300328"},{"taxonomy":"post_tag","embeddable":true,"href":"https:\/\/www.diarioimagen.net\/index.php?rest_route=%2Fwp%2Fv2%2Ftags&post=300328"}],"curies":[{"name":"wp","href":"https:\/\/api.w.org\/{rel}","templated":true}]}}