{"id":300335,"date":"2016-11-24T18:00:44","date_gmt":"2016-11-25T00:00:44","guid":{"rendered":"http:\/\/www.diarioimagen.net\/?p=300335"},"modified":"2016-11-27T22:50:55","modified_gmt":"2016-11-28T04:50:55","slug":"publicara-edomex-dos-titulos-mas-sobre-sor-juana-ines-de-la-cruz","status":"publish","type":"post","link":"https:\/\/www.diarioimagen.net\/?p=300335","title":{"rendered":"Publicar\u00e1 Edomex dos t\u00edtulos m\u00e1s sobre Sor Juana In\u00e9s de la Cruz"},"content":{"rendered":"<ul>\n<li><em><strong>Ejemplo conceptual y est\u00e9tico para nuevas generaciones <\/strong><\/em><\/li>\n<\/ul>\n<p>&nbsp;<\/p>\n<div id=\"attachment_300336\" style=\"width: 470px\" class=\"wp-caption aligncenter\"><a href=\"http:\/\/www.diarioimagen.net\/?attachment_id=300336\" rel=\"attachment wp-att-300336\"><img loading=\"lazy\" decoding=\"async\" aria-describedby=\"caption-attachment-300336\" class=\"size-large wp-image-300336\" src=\"http:\/\/www.diarioimagen.net\/wp-content\/uploads\/2016\/11\/SOR25-portal-460x268.jpg\" alt=\"El Gobierno del Estado de M\u00e9xico apuesta por la creaci\u00f3n literaria y por ello se cre\u00f3 el Certamen Internacional de literatura \u201cSor Juana In\u00e9s de la Cruz\u201d.\" width=\"460\" height=\"268\" srcset=\"https:\/\/www.diarioimagen.net\/wp-content\/uploads\/2016\/11\/SOR25-portal-460x268.jpg 460w, https:\/\/www.diarioimagen.net\/wp-content\/uploads\/2016\/11\/SOR25-portal-240x140.jpg 240w, https:\/\/www.diarioimagen.net\/wp-content\/uploads\/2016\/11\/SOR25-portal.jpg 480w\" sizes=\"auto, (max-width: 460px) 100vw, 460px\" \/><\/a><p id=\"caption-attachment-300336\" class=\"wp-caption-text\">El Gobierno del Estado de M\u00e9xico apuesta por la creaci\u00f3n literaria y por ello se cre\u00f3 el Certamen Internacional de literatura \u201cSor Juana In\u00e9s de la Cruz\u201d.<\/p><\/div>\n<p>&nbsp;<\/p>\n<p><strong>Toluca, Estado de M\u00e9xico<\/strong>.- El Consejo Editorial de la Administraci\u00f3n P\u00fablica Estatal (CEAPE) publicar\u00e1 dos t\u00edtulos m\u00e1s relacionados con la poetisa mexiquense, Sor Juana In\u00e9s de la Cruz, cuyas obras tienen un valor cultural en el quehacer literario y son ejemplo conceptual y est\u00e9tico para las generaciones contempor\u00e1neas.<\/p>\n<p>El Fondo Editorial del Estado de M\u00e9xico (FOEM) cuenta tambi\u00e9n con otros t\u00edtulos relacionados con la D\u00e9cima Musa, entre ellos: T\u00fa, que intentas volar. Cu\u00e9ntame de Sor Juana In\u00e9s de la Cruz, texto infantil de Mar\u00eda Eugenia Leefmans; Finjamos que soy feliz, novela de Guillermo Schmidhuber de la Mora; Sor Filotea y Sor Juana. Cartas del obispo de Puebla a Sor Juana In\u00e9s de la Cruz, que es un ensayo de Alejandro Soriano.<\/p>\n<p>Adem\u00e1s est\u00e1n, Entrevista a Sor Juana In\u00e9s de la Cruz en el siglo XXI, texto narrativo ficcional con base en la Respuesta a Sor Filotea de la Cruz, de Yolanda Sent\u00edes Echeverr\u00eda, y Los 20 enigmas de Sor Juana In\u00e9s de la Cruz descifrados, ensayo de Javier Garc\u00eda Gonz\u00e1lez.<\/p>\n<p>Cabe destacar que tras celebrar el creciente inter\u00e9s de diversos escritores por seguir abordando literariamente la figura de Sor Juana, el Gobierno del Estado de M\u00e9xico apuesta por la creaci\u00f3n literaria y por ello se cre\u00f3 el Certamen Internacional de literatura \u201cSor Juana In\u00e9s de la Cruz\u201d, el cual se ha consolidado no s\u00f3lo como una expresi\u00f3n cultural sino como un espacio para la creaci\u00f3n art\u00edstica en todos los g\u00e9neros literarios.<\/p>\n<p>Adem\u00e1s, entre las actividades que se llevan a cabo, durante los festejos del natalicio de Sor Juana In\u00e9s de la Cruz, se entregaron 500 libros del FOEM, con el prop\u00f3sito de fortalecer la producci\u00f3n literaria en el Estado de M\u00e9xico, fomentar la lectura y robustecer las pol\u00edticas encaminadas a acercar la literatura en todas sus expresiones a la sociedad, actividad que forma parte de las Jornadas Literarias en la ruta de Sor Juana In\u00e9s de la Cruz.<\/p>\n","protected":false},"excerpt":{"rendered":"<p>El Consejo Editorial de la Administraci\u00f3n P\u00fablica Estatal (CEAPE) publicar\u00e1 dos t\u00edtulos m\u00e1s relacionados con la poetisa mexiquense, Sor Juana In\u00e9s de la Cruz, cuyas obras tienen un valor cultural en el quehacer literario y son ejemplo conceptual y est\u00e9tico para las generaciones contempor\u00e1neas.<\/p>\n","protected":false},"author":5,"featured_media":300336,"comment_status":"open","ping_status":"open","sticky":false,"template":"","format":"standard","meta":{"_monsterinsights_skip_tracking":false,"_monsterinsights_sitenote_active":false,"_monsterinsights_sitenote_note":"","_monsterinsights_sitenote_category":0,"footnotes":""},"categories":[35155],"tags":[43675,13491,452],"class_list":["post-300335","post","type-post","status-publish","format-standard","has-post-thumbnail","hentry","category-estado-de-mexico-estado-de-mexico","tag-estado-de-mexico","tag-sor-juana-ines-de-la-cruz","tag-toluca"],"_links":{"self":[{"href":"https:\/\/www.diarioimagen.net\/index.php?rest_route=\/wp\/v2\/posts\/300335","targetHints":{"allow":["GET"]}}],"collection":[{"href":"https:\/\/www.diarioimagen.net\/index.php?rest_route=\/wp\/v2\/posts"}],"about":[{"href":"https:\/\/www.diarioimagen.net\/index.php?rest_route=\/wp\/v2\/types\/post"}],"author":[{"embeddable":true,"href":"https:\/\/www.diarioimagen.net\/index.php?rest_route=\/wp\/v2\/users\/5"}],"replies":[{"embeddable":true,"href":"https:\/\/www.diarioimagen.net\/index.php?rest_route=%2Fwp%2Fv2%2Fcomments&post=300335"}],"version-history":[{"count":0,"href":"https:\/\/www.diarioimagen.net\/index.php?rest_route=\/wp\/v2\/posts\/300335\/revisions"}],"wp:featuredmedia":[{"embeddable":true,"href":"https:\/\/www.diarioimagen.net\/index.php?rest_route=\/wp\/v2\/media\/300336"}],"wp:attachment":[{"href":"https:\/\/www.diarioimagen.net\/index.php?rest_route=%2Fwp%2Fv2%2Fmedia&parent=300335"}],"wp:term":[{"taxonomy":"category","embeddable":true,"href":"https:\/\/www.diarioimagen.net\/index.php?rest_route=%2Fwp%2Fv2%2Fcategories&post=300335"},{"taxonomy":"post_tag","embeddable":true,"href":"https:\/\/www.diarioimagen.net\/index.php?rest_route=%2Fwp%2Fv2%2Ftags&post=300335"}],"curies":[{"name":"wp","href":"https:\/\/api.w.org\/{rel}","templated":true}]}}