{"id":300338,"date":"2016-11-25T00:07:28","date_gmt":"2016-11-25T06:07:28","guid":{"rendered":"http:\/\/www.diarioimagen.net\/?p=300338"},"modified":"2016-11-27T22:51:54","modified_gmt":"2016-11-28T04:51:54","slug":"crecera-12-presupuesto-para-educacion-en-edomex-anuncia-eruviel-avila","status":"publish","type":"post","link":"https:\/\/www.diarioimagen.net\/?p=300338","title":{"rendered":"Crecer\u00e1 en 12% presupuesto para educaci\u00f3n: Eruviel \u00c1vila"},"content":{"rendered":"<ul>\n<li><strong><em>Se consolidar\u00e1 Edomex como la entidad que m\u00e1s becas otorga en el pa\u00eds<\/em><\/strong><\/li>\n<\/ul>\n<p>&nbsp;<\/p>\n<div id=\"attachment_300339\" style=\"width: 470px\" class=\"wp-caption aligncenter\"><a href=\"http:\/\/www.diarioimagen.net\/?attachment_id=300339\" rel=\"attachment wp-att-300339\"><img loading=\"lazy\" decoding=\"async\" aria-describedby=\"caption-attachment-300339\" class=\"wp-image-300339 size-large\" src=\"http:\/\/www.diarioimagen.net\/wp-content\/uploads\/2016\/11\/ERUVIEL25-portal-460x268.jpg\" alt=\"El gobernador Eruviel \u00c1vila dijo que adem\u00e1s del crecimiento en el presupuesto en el Estado de M\u00e9xico est\u00e1n garantizados los derechos y las prestaciones del magisterio.\" width=\"460\" height=\"268\" srcset=\"https:\/\/www.diarioimagen.net\/wp-content\/uploads\/2016\/11\/ERUVIEL25-portal-460x268.jpg 460w, https:\/\/www.diarioimagen.net\/wp-content\/uploads\/2016\/11\/ERUVIEL25-portal-240x140.jpg 240w, https:\/\/www.diarioimagen.net\/wp-content\/uploads\/2016\/11\/ERUVIEL25-portal.jpg 480w\" sizes=\"auto, (max-width: 460px) 100vw, 460px\" \/><\/a><p id=\"caption-attachment-300339\" class=\"wp-caption-text\">El gobernador Eruviel \u00c1vila, acompa\u00f1ando por el presidente nacional la SNTE, Juan D\u00edaz de la Torre, encabez\u00f3 el 73 aniversario de la Secci\u00f3n 17.<\/p><\/div>\n<p>&nbsp;<\/p>\n<p><strong>Zinacantepec, Estado de M\u00e9xico<\/strong>.- En la celebraci\u00f3n del 73 aniversario de la Secci\u00f3n 17, Valle de Toluca, del Sindicato Nacional de Trabajadores de la Educaci\u00f3n (SNTE), el gobernador Eruviel \u00c1vila Villegas anunci\u00f3 que el pr\u00f3ximo a\u00f1o no solamente no habr\u00e1 una reducci\u00f3n del presupuesto educativo en el Estado de M\u00e9xico, sino que habr\u00e1 un aumento de 12 por ciento, para consolidar a la entidad como la que m\u00e1s becas y est\u00edmulos otorga en el pa\u00eds, la que m\u00e1s infraestructura educativa construye y m\u00e1s obras realiza para impulsar la formaci\u00f3n y profesionalizaci\u00f3n de los maestros.<\/p>\n<p>\u201cEn el Estado de M\u00e9xico, gracias al apoyo del presidente Pe\u00f1a Nieto, pero tambi\u00e9n gracias a la lucha, a la gesti\u00f3n, a la perseverancia de legisladores que son orgullosamente del SNTE, hemos logrado que para este a\u00f1o 2017 que viene, que est\u00e1 por entrar, no solo no se recorte el presupuesto en materia educativa, sino que se incremente en un 12 por ciento\u201d, se\u00f1al\u00f3.<\/p>\n<p>En el Auditorio del SNTE, acompa\u00f1ando por el presidente nacional de ese gremio, Juan D\u00edaz de la Torre, y la secretaria estatal de Educaci\u00f3n, Ana Lilia Herrera Anzaldo, el gobernador Eruviel \u00c1vila dijo que adem\u00e1s del crecimiento en el presupuesto educativo, en el Estado de M\u00e9xico est\u00e1n garantizados los derechos y las prestaciones del magisterio.<\/p>\n<p>En este sentido, tambi\u00e9n convoc\u00f3 a la sociedad a realizar una cruzada para reconocer la labor que las maestras y los maestros realizan en la entidad y en el pa\u00eds, ya que su trabajo se caracteriza por el compromiso, la entrega, el profesionalismo y la perseverancia al formar a las futuras generaciones de mexicanos.<\/p>\n<p>\u201cUstedes la hacen de psic\u00f3logos, de padres de familia, de consejeros; a veces hasta su propio coche lo usan como ambulancia para cuidar de sus ni\u00f1as, para cuidar de sus ni\u00f1os. C\u00f3mo no habremos de apreciarlos, c\u00f3mo no habremos de quererlos, c\u00f3mo no habremos de admirarlos. Por eso hoy convoco a todo M\u00e9xico, y especialmente al Estado de M\u00e9xico, para que todas y todos hagamos una gran cruzada en reconocimiento a nuestras queridas maestras y maestros, de todo el pa\u00eds y especialmente a las maestras y maestros del Estado de M\u00e9xico\u201d, expres\u00f3.<\/p>\n<p>Asimismo, dio a conocer que se entregar\u00e1 mobiliario y obras de rehabilitaci\u00f3n en las sedes regionales de la Universidad Pedag\u00f3gica Nacional y de la Escuela Normal Superior, para lo que se invertir\u00e1n 91 millones de pesos; instituciones que tambi\u00e9n recibir\u00e1n m\u00e1s de 8 mil art\u00edculos, entre mobiliario y equipo de c\u00f3mputo.<\/p>\n<p>Adem\u00e1s, en beneficio del magisterio, se concluy\u00f3 la rehabilitaci\u00f3n de infraestructura educativa de tres unidades ubicadas en Toluca, Atizap\u00e1n y Ecatepec, y en cinco de las seis sedes de la Universidad Pedag\u00f3gica Nacional: en Acambay, Jilotepec, Tejupilco, Nezahualc\u00f3yotl y Tultepec, con una inversi\u00f3n de 63 millones de pesos.<\/p>\n<p>En tanto, Juan D\u00edaz de la Torre, consider\u00f3 que la Secci\u00f3n 17 del SNTE es ejemplo nacional para este gremio, pues sus 73 a\u00f1os de historia se han distinguido por su consistencia, responsabilidad y profesionalismo, adem\u00e1s que, gracias a la voluntad pol\u00edtica del actual gobierno del estado, se han concretado importantes logros, por lo que agradeci\u00f3 que durante los \u00faltimos cinco a\u00f1os, la administraci\u00f3n estatal apoye y aprecie el valor social que representa la tarea de los docentes mexiquenses, quienes atienden a una matr\u00edcula escolar de 3 millones 800 mil alumnos.<\/p>\n<p>A su vez, Gustavo Michua y Michua, l\u00edder de la Secci\u00f3n 17 del SNTE, afirm\u00f3 que este gremio y el gobierno mexiquense tienen el objetivo com\u00fan de hacer del sistema educativo del Edom\u00e9x el mejor a nivel nacional, y destac\u00f3 la disposici\u00f3n de la actual administraci\u00f3n estatal para trabajar coordinadamente, pues producto de ello se ha privilegiado el di\u00e1logo para la resoluci\u00f3n de\u00a0 conflictos.<\/p>\n<p>En este evento, al que acudieron m\u00e1s de 3 mil profesores de las 8 regiones de la Secci\u00f3n 17 del SNTE, Valle de Toluca, se entregaron dos m\u00f3dulos con cuatro canchas deportivas techadas, en las instalaciones sindicales en Zinacantepec, as\u00ed como la ampliaci\u00f3n y la remodelaci\u00f3n del Teatro, en las oficinas regionales del SNTE en Valle de Bravo.<\/p>\n","protected":false},"excerpt":{"rendered":"<p> En la celebraci\u00f3n del 73 aniversario de la Secci\u00f3n 17, Valle de Toluca, del Sindicato Nacional de Trabajadores de la Educaci\u00f3n (SNTE), el gobernador Eruviel \u00c1vila Villegas anunci\u00f3 que el pr\u00f3ximo a\u00f1o no solamente no habr\u00e1 una reducci\u00f3n del presupuesto educativo en el Estado de M\u00e9xico, sino que habr\u00e1 un aumento de 12 por ciento, para consolidar a la entidad como la que m\u00e1s becas y est\u00edmulos otorga en el pa\u00eds, la que m\u00e1s infraestructura educativa construye y que m\u00e1s obras realiza para impulsar la formaci\u00f3n y profesionalizaci\u00f3n de los maestros.<\/p>\n","protected":false},"author":5,"featured_media":300339,"comment_status":"open","ping_status":"open","sticky":false,"template":"","format":"standard","meta":{"_monsterinsights_skip_tracking":false,"_monsterinsights_sitenote_active":false,"_monsterinsights_sitenote_note":"","_monsterinsights_sitenote_category":0,"footnotes":""},"categories":[5],"tags":[43694,5828,43675,872,184],"class_list":["post-300338","post","type-post","status-publish","format-standard","has-post-thumbnail","hentry","category-estado-de-mexico","tag-educacion","tag-eruviel-avila-villegas","tag-estado-de-mexico","tag-valle-de-toluca","tag-zinacantepec"],"_links":{"self":[{"href":"https:\/\/www.diarioimagen.net\/index.php?rest_route=\/wp\/v2\/posts\/300338","targetHints":{"allow":["GET"]}}],"collection":[{"href":"https:\/\/www.diarioimagen.net\/index.php?rest_route=\/wp\/v2\/posts"}],"about":[{"href":"https:\/\/www.diarioimagen.net\/index.php?rest_route=\/wp\/v2\/types\/post"}],"author":[{"embeddable":true,"href":"https:\/\/www.diarioimagen.net\/index.php?rest_route=\/wp\/v2\/users\/5"}],"replies":[{"embeddable":true,"href":"https:\/\/www.diarioimagen.net\/index.php?rest_route=%2Fwp%2Fv2%2Fcomments&post=300338"}],"version-history":[{"count":0,"href":"https:\/\/www.diarioimagen.net\/index.php?rest_route=\/wp\/v2\/posts\/300338\/revisions"}],"wp:featuredmedia":[{"embeddable":true,"href":"https:\/\/www.diarioimagen.net\/index.php?rest_route=\/wp\/v2\/media\/300339"}],"wp:attachment":[{"href":"https:\/\/www.diarioimagen.net\/index.php?rest_route=%2Fwp%2Fv2%2Fmedia&parent=300338"}],"wp:term":[{"taxonomy":"category","embeddable":true,"href":"https:\/\/www.diarioimagen.net\/index.php?rest_route=%2Fwp%2Fv2%2Fcategories&post=300338"},{"taxonomy":"post_tag","embeddable":true,"href":"https:\/\/www.diarioimagen.net\/index.php?rest_route=%2Fwp%2Fv2%2Ftags&post=300338"}],"curies":[{"name":"wp","href":"https:\/\/api.w.org\/{rel}","templated":true}]}}