{"id":300385,"date":"2016-11-25T00:08:15","date_gmt":"2016-11-25T06:08:15","guid":{"rendered":"http:\/\/www.diarioimagen.net\/?p=300385"},"modified":"2016-11-25T05:12:03","modified_gmt":"2016-11-25T11:12:03","slug":"garantizados-los-derechos-de-maestros","status":"publish","type":"post","link":"https:\/\/www.diarioimagen.net\/?p=300385","title":{"rendered":"Garantizados los derechos de maestros"},"content":{"rendered":"<h2>Arco Norte<\/h2>\n<h5>Jos\u00e9 Luis Monta\u00f1ez Aguilar<\/h5>\n<p>&nbsp;<\/p>\n<p><a href=\"http:\/\/www.diarioimagen.net\/?attachment_id=300466\" rel=\"attachment wp-att-300466\"><img loading=\"lazy\" decoding=\"async\" class=\"aligncenter size-large wp-image-300466\" src=\"http:\/\/www.diarioimagen.net\/wp-content\/uploads\/2016\/11\/arco-3005-460x259.jpg\" alt=\"arco-3005\" width=\"460\" height=\"259\" srcset=\"https:\/\/www.diarioimagen.net\/wp-content\/uploads\/2016\/11\/arco-3005-460x259.jpg 460w, https:\/\/www.diarioimagen.net\/wp-content\/uploads\/2016\/11\/arco-3005-240x135.jpg 240w, https:\/\/www.diarioimagen.net\/wp-content\/uploads\/2016\/11\/arco-3005-235x132.jpg 235w, https:\/\/www.diarioimagen.net\/wp-content\/uploads\/2016\/11\/arco-3005-202x114.jpg 202w, https:\/\/www.diarioimagen.net\/wp-content\/uploads\/2016\/11\/arco-3005-350x196.jpg 350w, https:\/\/www.diarioimagen.net\/wp-content\/uploads\/2016\/11\/arco-3005-220x123.jpg 220w, https:\/\/www.diarioimagen.net\/wp-content\/uploads\/2016\/11\/arco-3005-237x132.jpg 237w, https:\/\/www.diarioimagen.net\/wp-content\/uploads\/2016\/11\/arco-3005.jpg 480w\" sizes=\"auto, (max-width: 460px) 100vw, 460px\" \/><\/a><\/p>\n<p>&nbsp;<\/p>\n<p>En la celebraci\u00f3n del 73 aniversario de la Secci\u00f3n 17, Valle de Toluca, del Sindicato Nacional de Trabajadores de la Educaci\u00f3n (SNTE), el gobernador Eruviel \u00c1vila anunci\u00f3 que el pr\u00f3ximo a\u00f1o habr\u00e1 un aumento de 12 por ciento, para consolidar a la entidad como la que m\u00e1s becas y est\u00edmulos otorga en el pa\u00eds, la que m\u00e1s infraestructura educativa construye y la que m\u00e1s obras realiza para impulsar la formaci\u00f3n y profesionalizaci\u00f3n de los maestros.<\/p>\n<p>Agreg\u00f3 que del crecimiento en el presupuesto educativo, en el Estado de M\u00e9xico est\u00e1n garantizados los derechos y las prestaciones del magisterio.<\/p>\n<p>Por lo que invit\u00f3 a la sociedad a realizar una cruzada para reconocer la labor que las maestras y los maestros realizan en la entidad y en el pa\u00eds, ya que su trabajo se caracteriza por el compromiso, la entrega y la perseverancia al formar a las futuras generaciones de mexicanos. Adem\u00e1s, Eruviel \u00c1vila dio a conocer que se entregar\u00e1 mobiliario y obras de rehabilitaci\u00f3n en las sedes regionales de la Universidad Pedag\u00f3gica Nacional y de la Escuela Normal Superior, para lo que se invertir\u00e1n 91 millones de pesos; instituciones que tambi\u00e9n recibir\u00e1n m\u00e1s de 8 mil art\u00edculos, entre mobiliario y equipo de c\u00f3mputo.<\/p>\n<p style=\"text-align: center;\"><strong>Inicia campa\u00f1a de vacunaci\u00f3n contra la influenza<\/strong><\/p>\n<p>El secretario de Infraestructura del Estado de M\u00e9xico, Francisco Gonz\u00e1lez Zozaya, inici\u00f3 la aplicaci\u00f3n de la vacuna de la influenza en la regi\u00f3n de Naucalpan, ante la llegada de la temporada invernal.<\/p>\n<p>La campa\u00f1a fue puesta en marcha en d\u00edas pasados por el gobernador Eruviel Avila y se tienen listas 5 millones de vacunas en todo el sector salud para ser aplicadas en el Estado de M\u00e9xico.<\/p>\n<p>El funcionario se\u00f1al\u00f3 que se tienen listas 5 millones de dosis en todo el sector salud del Edom\u00e9x, y conmin\u00f3 a los mexiquenses a acercarse a los centros de salud, cl\u00ednicas y hospitales en la entidad a fin de aplicarse la vacuna, para prevenir riesgos de contagio.<\/p>\n<p>La Secretar\u00eda de Salud inform\u00f3 a trav\u00e9s de su representante en la regi\u00f3n, Mariano de Luis, que desde hace dos a\u00f1os se ha trabajado para evitar las reacciones secundarias que provocaba la vacuna de la influenza, por lo que con las dosis que se aplicar\u00e1n este a\u00f1o, no se reportar\u00e1n las gripes o resfriados que ocurr\u00edan antes a quienes se inmunizaban contra la influenza.<\/p>\n<p><em><a href=\"mailto:montanezaguilar@gmail.com\" target=\"_blank\">montanezaguilar@gmail.com<\/a><\/em><\/p>\n","protected":false},"excerpt":{"rendered":"<p><span style=\"color: #005497;\">Jos\u00e9 Luis Monta\u00f1ez Aguilar<\/span><br \/>\n<br \/>\nEn la celebraci\u00f3n del 73 aniversario de la Secci\u00f3n 17, Valle de Toluca, del Sindicato Nacional de Trabajadores de la Educaci\u00f3n (SNTE), el gobernador Eruviel \u00c1vila anunci\u00f3 que el pr\u00f3ximo a\u00f1o habr\u00e1 un aumento de 12 por ciento, para consolidar a la entidad como la que m\u00e1s becas y est\u00edmulos otorga en el pa\u00eds, la que m\u00e1s infraestructura educativa construye y la que m\u00e1s obras realiza para impulsar la formaci\u00f3n y profesionalizaci\u00f3n de los maestros.<\/p>\n","protected":false},"author":3,"featured_media":300466,"comment_status":"open","ping_status":"open","sticky":false,"template":"","format":"standard","meta":{"_monsterinsights_skip_tracking":false,"_monsterinsights_sitenote_active":false,"_monsterinsights_sitenote_note":"","_monsterinsights_sitenote_category":0,"footnotes":""},"categories":[5],"tags":[13284,43704,43674],"class_list":["post-300385","post","type-post","status-publish","format-standard","has-post-thumbnail","hentry","category-estado-de-mexico","tag-arco-norte","tag-jose-luis-montanez-aguilar","tag-opinion"],"_links":{"self":[{"href":"https:\/\/www.diarioimagen.net\/index.php?rest_route=\/wp\/v2\/posts\/300385","targetHints":{"allow":["GET"]}}],"collection":[{"href":"https:\/\/www.diarioimagen.net\/index.php?rest_route=\/wp\/v2\/posts"}],"about":[{"href":"https:\/\/www.diarioimagen.net\/index.php?rest_route=\/wp\/v2\/types\/post"}],"author":[{"embeddable":true,"href":"https:\/\/www.diarioimagen.net\/index.php?rest_route=\/wp\/v2\/users\/3"}],"replies":[{"embeddable":true,"href":"https:\/\/www.diarioimagen.net\/index.php?rest_route=%2Fwp%2Fv2%2Fcomments&post=300385"}],"version-history":[{"count":0,"href":"https:\/\/www.diarioimagen.net\/index.php?rest_route=\/wp\/v2\/posts\/300385\/revisions"}],"wp:featuredmedia":[{"embeddable":true,"href":"https:\/\/www.diarioimagen.net\/index.php?rest_route=\/wp\/v2\/media\/300466"}],"wp:attachment":[{"href":"https:\/\/www.diarioimagen.net\/index.php?rest_route=%2Fwp%2Fv2%2Fmedia&parent=300385"}],"wp:term":[{"taxonomy":"category","embeddable":true,"href":"https:\/\/www.diarioimagen.net\/index.php?rest_route=%2Fwp%2Fv2%2Fcategories&post=300385"},{"taxonomy":"post_tag","embeddable":true,"href":"https:\/\/www.diarioimagen.net\/index.php?rest_route=%2Fwp%2Fv2%2Ftags&post=300385"}],"curies":[{"name":"wp","href":"https:\/\/api.w.org\/{rel}","templated":true}]}}