{"id":300389,"date":"2016-11-25T00:09:01","date_gmt":"2016-11-25T06:09:01","guid":{"rendered":"http:\/\/www.diarioimagen.net\/?p=300389"},"modified":"2016-11-25T05:14:37","modified_gmt":"2016-11-25T11:14:37","slug":"impulsa-difem-educacion-y-valores-entre-jovenes","status":"publish","type":"post","link":"https:\/\/www.diarioimagen.net\/?p=300389","title":{"rendered":"Impulsa DIFEM educaci\u00f3n y valores entre j\u00f3venes"},"content":{"rendered":"<ul>\n<li><strong><em>Convive Isisi \u00c1vila con m\u00e1s de mil estudiantes<\/em><\/strong><\/li>\n<\/ul>\n<p>&nbsp;<\/p>\n<div id=\"attachment_300470\" style=\"width: 470px\" class=\"wp-caption aligncenter\"><a href=\"http:\/\/www.diarioimagen.net\/?attachment_id=300470\" rel=\"attachment wp-att-300470\"><img loading=\"lazy\" decoding=\"async\" aria-describedby=\"caption-attachment-300470\" class=\"size-large wp-image-300470\" src=\"http:\/\/www.diarioimagen.net\/wp-content\/uploads\/2016\/11\/difem-3005-460x259.jpg\" alt=\"Isis \u00c1vila Mu\u00f1oz, presidenta del DIFEM, convivi\u00f3 con m\u00e1s de mil j\u00f3venes durante la conferencia Valores como parte del programa \u201cPonte en mis zapatos\u201d.\" width=\"460\" height=\"259\" srcset=\"https:\/\/www.diarioimagen.net\/wp-content\/uploads\/2016\/11\/difem-3005-460x259.jpg 460w, https:\/\/www.diarioimagen.net\/wp-content\/uploads\/2016\/11\/difem-3005-240x135.jpg 240w, https:\/\/www.diarioimagen.net\/wp-content\/uploads\/2016\/11\/difem-3005-235x132.jpg 235w, https:\/\/www.diarioimagen.net\/wp-content\/uploads\/2016\/11\/difem-3005-202x114.jpg 202w, https:\/\/www.diarioimagen.net\/wp-content\/uploads\/2016\/11\/difem-3005-350x196.jpg 350w, https:\/\/www.diarioimagen.net\/wp-content\/uploads\/2016\/11\/difem-3005-220x123.jpg 220w, https:\/\/www.diarioimagen.net\/wp-content\/uploads\/2016\/11\/difem-3005-237x132.jpg 237w, https:\/\/www.diarioimagen.net\/wp-content\/uploads\/2016\/11\/difem-3005.jpg 480w\" sizes=\"auto, (max-width: 460px) 100vw, 460px\" \/><\/a><p id=\"caption-attachment-300470\" class=\"wp-caption-text\">Isis \u00c1vila Mu\u00f1oz, presidenta del DIFEM, convivi\u00f3 con m\u00e1s de mil j\u00f3venes durante la conferencia Valores como parte del programa \u201cPonte en mis zapatos\u201d.<\/p><\/div>\n<p>&nbsp;<\/p>\n<p><strong>Huixquilucan, Estado de M\u00e9xico<\/strong>.- Para reconocer el esfuerzo de estudiantes de nivel medio superior destacados e impulsar la promoci\u00f3n de los valores humanos, Isis \u00c1vila Mu\u00f1oz, presidenta del DIF mexiquense, convivi\u00f3 con m\u00e1s de mil j\u00f3venes durante la conferencia Valores como parte del programa Ponte en mis zapatos, en donde otorg\u00f3 a nombre del Gobierno del Estado de M\u00e9xico, 32 reconocimientos y est\u00edmulos econ\u00f3micos en apoyo a la educaci\u00f3n.<\/p>\n<p>En las instalaciones del Colegio Nacional de Educaci\u00f3n Profesional T\u00e9cnica (Conalep),\u00a0 \u00c1vila Mu\u00f1oz, en compa\u00f1\u00eda de Romina Contreras Carrasco, presidenta del DIF de Huixquilucan; acad\u00e9micos, padres de familia y alumnos del plantel,\u00a0 entreg\u00f3 las becas con un monto de entre 600 y 900 pesos bimestrales, durante 10 meses consecutivos, a alumnos con los mejores promedios de primero, tercero y quinto semestre.<\/p>\n<p>\u201cTodos podemos llegar tan lejos como anhelemos y para impulsar sus sue\u00f1os el presidente Enrique Pe\u00f1a y el gobernador Eruviel \u00c1vila, motivan su esfuerzo acad\u00e9mico con becas\u00a0 de este tipo que les servir\u00e1n para su transporte, comprar \u00fatiles y uniformes; adem\u00e1s de otros apoyos como las becas para estudiar en el extranjero, entrega de computadoras, entre otros beneficios\u201d, refiri\u00f3.<\/p>\n<p>Posterior a la entrega, la titular del DIFEM, present\u00f3 al motivador y psicoterapeuta Mario Guerra, quien esta ocasi\u00f3n dict\u00f3 la conferencia \u201cValores\u201d, para\u00a0 crear conciencia entre los j\u00f3venes de la importancia de preservar \u00e9stos con buenas acciones e intenciones, y as\u00ed lograr una convivencia arm\u00f3nica en las familias, escuelas y comunidades.<\/p>\n<p>En este sentido, el especialista refiri\u00f3 que los valores no son restricciones o reglas, sino que se trata de mapas sociales internos o rutas, que nos gu\u00edan hacia d\u00f3nde podemos ir, c\u00f3mo actuar y decir pero con congruencia en nuestro beneficio y sin afectar a nuestros semejantes.<\/p>\n<p>\u201cLos valores humanos no son de temporada, son constantes, se ense\u00f1an y se\u00a0 aprenden no s\u00f3lo con lo que se dice, sino con el ejemplo, por ello cuando los llevamos a cabo con convicci\u00f3n, generamos\u00a0 confianza, certidumbre, tranquilidad hacia quienes nos rodean\u201d, expuso.<\/p>\n<p>Al t\u00e9rmino del evento, \u00c1vila Mu\u00f1oz y Mario Guerra, conversaron con los j\u00f3venes, quienes les expresaron sus inquietudes, propuestas, motivaciones y agradecieron la ponencia que los hizo reflexionar en c\u00f3mo actuar y convivir con los dem\u00e1s.<\/p>\n<p>&nbsp;<\/p>\n","protected":false},"excerpt":{"rendered":"<p>Para reconocer el esfuerzo de estudiantes de nivel medio superior destacados e impulsar la promoci\u00f3n de los valores humanos, Isis \u00c1vila Mu\u00f1oz, presidenta del DIF mexiquense, convivi\u00f3 con m\u00e1s de mil j\u00f3venes durante la conferencia Valores como parte del programa Ponte en mis zapatos, en donde otorg\u00f3 a nombre del Gobierno del Estado de M\u00e9xico, 32 reconocimientos y est\u00edmulos econ\u00f3micos en apoyo a la educaci\u00f3n.<\/p>\n","protected":false},"author":3,"featured_media":300470,"comment_status":"open","ping_status":"open","sticky":false,"template":"","format":"standard","meta":{"_monsterinsights_skip_tracking":false,"_monsterinsights_sitenote_active":false,"_monsterinsights_sitenote_note":"","_monsterinsights_sitenote_category":0,"footnotes":""},"categories":[5],"tags":[394,43675,1097,260,18119],"class_list":["post-300389","post","type-post","status-publish","format-standard","has-post-thumbnail","hentry","category-estado-de-mexico","tag-difem","tag-estado-de-mexico","tag-huixquilucan","tag-jovenes","tag-valores"],"_links":{"self":[{"href":"https:\/\/www.diarioimagen.net\/index.php?rest_route=\/wp\/v2\/posts\/300389","targetHints":{"allow":["GET"]}}],"collection":[{"href":"https:\/\/www.diarioimagen.net\/index.php?rest_route=\/wp\/v2\/posts"}],"about":[{"href":"https:\/\/www.diarioimagen.net\/index.php?rest_route=\/wp\/v2\/types\/post"}],"author":[{"embeddable":true,"href":"https:\/\/www.diarioimagen.net\/index.php?rest_route=\/wp\/v2\/users\/3"}],"replies":[{"embeddable":true,"href":"https:\/\/www.diarioimagen.net\/index.php?rest_route=%2Fwp%2Fv2%2Fcomments&post=300389"}],"version-history":[{"count":0,"href":"https:\/\/www.diarioimagen.net\/index.php?rest_route=\/wp\/v2\/posts\/300389\/revisions"}],"wp:featuredmedia":[{"embeddable":true,"href":"https:\/\/www.diarioimagen.net\/index.php?rest_route=\/wp\/v2\/media\/300470"}],"wp:attachment":[{"href":"https:\/\/www.diarioimagen.net\/index.php?rest_route=%2Fwp%2Fv2%2Fmedia&parent=300389"}],"wp:term":[{"taxonomy":"category","embeddable":true,"href":"https:\/\/www.diarioimagen.net\/index.php?rest_route=%2Fwp%2Fv2%2Fcategories&post=300389"},{"taxonomy":"post_tag","embeddable":true,"href":"https:\/\/www.diarioimagen.net\/index.php?rest_route=%2Fwp%2Fv2%2Ftags&post=300389"}],"curies":[{"name":"wp","href":"https:\/\/api.w.org\/{rel}","templated":true}]}}