{"id":300391,"date":"2016-11-25T00:07:29","date_gmt":"2016-11-25T06:07:29","guid":{"rendered":"http:\/\/www.diarioimagen.net\/?p=300391"},"modified":"2016-11-25T05:17:49","modified_gmt":"2016-11-25T11:17:49","slug":"inauguran-exposicion-trizas-y-trazos-en-centro-de-tlalnepantla","status":"publish","type":"post","link":"https:\/\/www.diarioimagen.net\/?p=300391","title":{"rendered":"Inauguran exposici\u00f3n \u201cTrizas y Trazos\u201d en centro de Tlalnepantla"},"content":{"rendered":"<ul>\n<li><strong><em>Reconocimiento a Jos\u00e9 Luis Diego Hern\u00e1ndez Ocampo<\/em><\/strong><\/li>\n<\/ul>\n<p>&nbsp;<\/p>\n<div id=\"attachment_300473\" style=\"width: 470px\" class=\"wp-caption aligncenter\"><a href=\"http:\/\/www.diarioimagen.net\/?attachment_id=300473\" rel=\"attachment wp-att-300473\"><img loading=\"lazy\" decoding=\"async\" aria-describedby=\"caption-attachment-300473\" class=\"size-large wp-image-300473\" src=\"http:\/\/www.diarioimagen.net\/wp-content\/uploads\/2016\/11\/TLALNEPANTLA-3005-460x259.jpg\" alt=\"El centro \u201cJos\u00e9 Emilio Pacheco\u201d abri\u00f3 sus puertas a la exposici\u00f3n del reconocido artista Jos\u00e9 Luis Diego Hern\u00e1ndez Ocampo, \u201cTrizas\u201d.\" width=\"460\" height=\"259\" srcset=\"https:\/\/www.diarioimagen.net\/wp-content\/uploads\/2016\/11\/TLALNEPANTLA-3005-460x259.jpg 460w, https:\/\/www.diarioimagen.net\/wp-content\/uploads\/2016\/11\/TLALNEPANTLA-3005-240x135.jpg 240w, https:\/\/www.diarioimagen.net\/wp-content\/uploads\/2016\/11\/TLALNEPANTLA-3005-235x132.jpg 235w, https:\/\/www.diarioimagen.net\/wp-content\/uploads\/2016\/11\/TLALNEPANTLA-3005-202x114.jpg 202w, https:\/\/www.diarioimagen.net\/wp-content\/uploads\/2016\/11\/TLALNEPANTLA-3005-350x196.jpg 350w, https:\/\/www.diarioimagen.net\/wp-content\/uploads\/2016\/11\/TLALNEPANTLA-3005-220x123.jpg 220w, https:\/\/www.diarioimagen.net\/wp-content\/uploads\/2016\/11\/TLALNEPANTLA-3005-237x132.jpg 237w, https:\/\/www.diarioimagen.net\/wp-content\/uploads\/2016\/11\/TLALNEPANTLA-3005.jpg 480w\" sizes=\"auto, (max-width: 460px) 100vw, 460px\" \/><\/a><p id=\"caption-attachment-300473\" class=\"wp-caption-text\">El centro \u201cJos\u00e9 Emilio Pacheco\u201d abri\u00f3 sus puertas a la exposici\u00f3n del reconocido artista Jos\u00e9 Luis Diego Hern\u00e1ndez Ocampo, \u201cTrizas\u201d.<\/p><\/div>\n<p>&nbsp;<\/p>\n<p><strong>Tlalnepantla, Estado de M\u00e9xico<\/strong>.-El Centro Municipal de la Cultura y las Artes \u201cJos\u00e9 Emilio Pacheco\u201d abri\u00f3 sus puertas a la exposici\u00f3n del reconocido artista Jos\u00e9 Luis Diego Hern\u00e1ndez Ocampo \u201cTrizas\u201d, muestra en la que se exhiben 54 caricaturas en las que plasma diversos acontecimientos no s\u00f3lo nacionales sino mundiales.<\/p>\n<p>Al inaugurar la exposici\u00f3n \u201cTrizas y Trazos\u201d, la cual estar\u00e1 abierta hasta el pr\u00f3ximo 18 de diciembre, el director del Instituto Municipal de Cultura, Francisco Xavier Estrada, destac\u00f3 la profundidad y creatividad que una caricatura encierra, ya que una sola imagen puede transmitir distintos mensajes en las personas que la observan.<\/p>\n<p>Inform\u00f3 que por vez primera en la historia de Tlalnepantla se monta una exposici\u00f3n de esta \u00edndole, en la que se retoman temas actuales de car\u00e1cter pol\u00edtico, por lo que se espera captar la atenci\u00f3n de los j\u00f3venes.<\/p>\n<p>\u201cEsa es la cualidad de la caricatura, pues logra que el pasado se mantenga en el presente; son temas que est\u00e1n ah\u00ed como ense\u00f1anzas, por las que el tiempo no pasa\u201d, expres\u00f3 el funcionario.<\/p>\n<p>Puntualiz\u00f3 que el montaje de esta exposici\u00f3n es trascendental para la visi\u00f3n que el Centro de la Cultura y las Artes quiere proyectar, ya que se pretende consolidarlo como un espacio abierto a todas las expresiones humanas.<\/p>\n<p>Extern\u00f3 su orgullo de que Jos\u00e9 Luis Diego Hern\u00e1ndez Ocampo, mejor conocido como \u201cTrizas\u201d, forme parte del Consejo Consultivo de la Cultura y las Artes, ya que es muestra del talento que se logr\u00f3 conjuntar en este \u00f3rgano auxiliar.<\/p>\n<p>Francisco Xavier Estrada agradeci\u00f3 la donaci\u00f3n que el artista realizar\u00e1 de las r\u00e9plicas de sus caricaturas, para que formen parte del acervo cultural de Tlalnepantla.<\/p>\n<p>Por su parte, el destacado caricaturista resalt\u00f3 que la idea es mover esta exposici\u00f3n a otras casas de cultura del municipio, con la finalidad de que todos los tlalnepantlenses conozcan el trabajo que a lo largo de 32 a\u00f1os ha realizado.<\/p>\n<p>Apunt\u00f3 que los cartones narran una historia en un s\u00f3lo cuadro y para ello se cuenta con el dibujo, la idea y el humor, donde se mezcla lo absurdo con lo real y el l\u00edmite es la objetividad y el compromiso social.<\/p>\n<p>&nbsp;<\/p>\n","protected":false},"excerpt":{"rendered":"<p>El Centro Municipal de la Cultura y las Artes \u201cJos\u00e9 Emilio Pacheco\u201d abri\u00f3 sus puertas a la exposici\u00f3n del reconocido artista Jos\u00e9 Luis Diego Hern\u00e1ndez Ocampo \u201cTrizas\u201d, muestra en la que se exhiben 54 caricaturas en las que plasma diversos acontecimientos no s\u00f3lo nacionales sino mundiales.<\/p>\n","protected":false},"author":3,"featured_media":300473,"comment_status":"open","ping_status":"open","sticky":false,"template":"","format":"standard","meta":{"_monsterinsights_skip_tracking":false,"_monsterinsights_sitenote_active":false,"_monsterinsights_sitenote_note":"","_monsterinsights_sitenote_category":0,"footnotes":""},"categories":[35155],"tags":[43675,46918,47480,169,5232],"class_list":["post-300391","post","type-post","status-publish","format-standard","has-post-thumbnail","hentry","category-estado-de-mexico-estado-de-mexico","tag-estado-de-mexico","tag-exposicion","tag-inauguran","tag-tlalnepantla","tag-trizas"],"_links":{"self":[{"href":"https:\/\/www.diarioimagen.net\/index.php?rest_route=\/wp\/v2\/posts\/300391","targetHints":{"allow":["GET"]}}],"collection":[{"href":"https:\/\/www.diarioimagen.net\/index.php?rest_route=\/wp\/v2\/posts"}],"about":[{"href":"https:\/\/www.diarioimagen.net\/index.php?rest_route=\/wp\/v2\/types\/post"}],"author":[{"embeddable":true,"href":"https:\/\/www.diarioimagen.net\/index.php?rest_route=\/wp\/v2\/users\/3"}],"replies":[{"embeddable":true,"href":"https:\/\/www.diarioimagen.net\/index.php?rest_route=%2Fwp%2Fv2%2Fcomments&post=300391"}],"version-history":[{"count":0,"href":"https:\/\/www.diarioimagen.net\/index.php?rest_route=\/wp\/v2\/posts\/300391\/revisions"}],"wp:featuredmedia":[{"embeddable":true,"href":"https:\/\/www.diarioimagen.net\/index.php?rest_route=\/wp\/v2\/media\/300473"}],"wp:attachment":[{"href":"https:\/\/www.diarioimagen.net\/index.php?rest_route=%2Fwp%2Fv2%2Fmedia&parent=300391"}],"wp:term":[{"taxonomy":"category","embeddable":true,"href":"https:\/\/www.diarioimagen.net\/index.php?rest_route=%2Fwp%2Fv2%2Fcategories&post=300391"},{"taxonomy":"post_tag","embeddable":true,"href":"https:\/\/www.diarioimagen.net\/index.php?rest_route=%2Fwp%2Fv2%2Ftags&post=300391"}],"curies":[{"name":"wp","href":"https:\/\/api.w.org\/{rel}","templated":true}]}}