{"id":300395,"date":"2016-11-25T00:02:23","date_gmt":"2016-11-25T06:02:23","guid":{"rendered":"http:\/\/www.diarioimagen.net\/?p=300395"},"modified":"2016-11-25T06:50:20","modified_gmt":"2016-11-25T12:50:20","slug":"david-sanchez-isidoro-intercambia-conocimientos-con-funcionarios-chilenos","status":"publish","type":"post","link":"https:\/\/www.diarioimagen.net\/?p=300395","title":{"rendered":"David S\u00e1nchez Isidoro intercambia conocimientos con funcionarios chilenos"},"content":{"rendered":"<p><a href=\"http:\/\/www.diarioimagen.net\/?attachment_id=300478\" rel=\"attachment wp-att-300478\"><img loading=\"lazy\" decoding=\"async\" class=\"aligncenter size-large wp-image-300478\" src=\"http:\/\/www.diarioimagen.net\/wp-content\/uploads\/2016\/11\/COACALCO-3005-460x259.jpg\" alt=\"coacalco-3005\" width=\"460\" height=\"259\" srcset=\"https:\/\/www.diarioimagen.net\/wp-content\/uploads\/2016\/11\/COACALCO-3005-460x259.jpg 460w, https:\/\/www.diarioimagen.net\/wp-content\/uploads\/2016\/11\/COACALCO-3005-240x135.jpg 240w, https:\/\/www.diarioimagen.net\/wp-content\/uploads\/2016\/11\/COACALCO-3005-235x132.jpg 235w, https:\/\/www.diarioimagen.net\/wp-content\/uploads\/2016\/11\/COACALCO-3005-202x114.jpg 202w, https:\/\/www.diarioimagen.net\/wp-content\/uploads\/2016\/11\/COACALCO-3005-350x196.jpg 350w, https:\/\/www.diarioimagen.net\/wp-content\/uploads\/2016\/11\/COACALCO-3005-220x123.jpg 220w, https:\/\/www.diarioimagen.net\/wp-content\/uploads\/2016\/11\/COACALCO-3005-237x132.jpg 237w, https:\/\/www.diarioimagen.net\/wp-content\/uploads\/2016\/11\/COACALCO-3005.jpg 480w\" sizes=\"auto, (max-width: 460px) 100vw, 460px\" \/><\/a><\/p>\n<p>&nbsp;<\/p>\n<p><strong>Coacalco, Estado de Mexico.- <\/strong>El diputado federal por el distrito 6, David S\u00e1nchez Isidoro recibi\u00f3 en el recinto legislativo a funcionarios del gobierno de Chile, con quienes intercambiaron conocimientos en materia energ\u00e9tica. La intenci\u00f3n es aprovechar los avances que se tienen en ambos pa\u00edses, M\u00e9xico y Chile, y as\u00ed aplicarlos en cada entidad.<\/p>\n<p>El diputado S\u00e1nchez Isidoro coment\u00f3 que estos intercambios culturales y de conocimientos permiten que ciudades como Coacalco y Tultepec o Santiago de Chile puedan avanzar m\u00e1s en sistemas tecnol\u00f3gicos en materia de electrificaci\u00f3n implementados en ambos pa\u00edses, siendo programas modernos y econ\u00f3micos, en bien de la poblaci\u00f3n.<\/p>\n<p>&nbsp;<\/p>\n","protected":false},"excerpt":{"rendered":"<p>El diputado federal por el distrito 6, David S\u00e1nchez Isidoro recibi\u00f3<\/p>\n","protected":false},"author":3,"featured_media":300478,"comment_status":"open","ping_status":"open","sticky":false,"template":"","format":"standard","meta":{"_monsterinsights_skip_tracking":false,"_monsterinsights_sitenote_active":false,"_monsterinsights_sitenote_note":"","_monsterinsights_sitenote_category":0,"footnotes":""},"categories":[35155],"tags":[579,43675],"class_list":["post-300395","post","type-post","status-publish","format-standard","has-post-thumbnail","hentry","category-estado-de-mexico-estado-de-mexico","tag-coacalco","tag-estado-de-mexico"],"_links":{"self":[{"href":"https:\/\/www.diarioimagen.net\/index.php?rest_route=\/wp\/v2\/posts\/300395","targetHints":{"allow":["GET"]}}],"collection":[{"href":"https:\/\/www.diarioimagen.net\/index.php?rest_route=\/wp\/v2\/posts"}],"about":[{"href":"https:\/\/www.diarioimagen.net\/index.php?rest_route=\/wp\/v2\/types\/post"}],"author":[{"embeddable":true,"href":"https:\/\/www.diarioimagen.net\/index.php?rest_route=\/wp\/v2\/users\/3"}],"replies":[{"embeddable":true,"href":"https:\/\/www.diarioimagen.net\/index.php?rest_route=%2Fwp%2Fv2%2Fcomments&post=300395"}],"version-history":[{"count":0,"href":"https:\/\/www.diarioimagen.net\/index.php?rest_route=\/wp\/v2\/posts\/300395\/revisions"}],"wp:featuredmedia":[{"embeddable":true,"href":"https:\/\/www.diarioimagen.net\/index.php?rest_route=\/wp\/v2\/media\/300478"}],"wp:attachment":[{"href":"https:\/\/www.diarioimagen.net\/index.php?rest_route=%2Fwp%2Fv2%2Fmedia&parent=300395"}],"wp:term":[{"taxonomy":"category","embeddable":true,"href":"https:\/\/www.diarioimagen.net\/index.php?rest_route=%2Fwp%2Fv2%2Fcategories&post=300395"},{"taxonomy":"post_tag","embeddable":true,"href":"https:\/\/www.diarioimagen.net\/index.php?rest_route=%2Fwp%2Fv2%2Ftags&post=300395"}],"curies":[{"name":"wp","href":"https:\/\/api.w.org\/{rel}","templated":true}]}}