{"id":300397,"date":"2016-11-25T00:02:16","date_gmt":"2016-11-25T06:02:16","guid":{"rendered":"http:\/\/www.diarioimagen.net\/?p=300397"},"modified":"2016-11-25T06:49:24","modified_gmt":"2016-11-25T12:49:24","slug":"construyen-alberca-publica-en-zona-popular-de-huixquilucan","status":"publish","type":"post","link":"https:\/\/www.diarioimagen.net\/?p=300397","title":{"rendered":"Construyen alberca p\u00fablica en zona popular de Huixquilucan"},"content":{"rendered":"<div id=\"attachment_300481\" style=\"width: 470px\" class=\"wp-caption aligncenter\"><a href=\"http:\/\/www.diarioimagen.net\/?attachment_id=300481\" rel=\"attachment wp-att-300481\"><img loading=\"lazy\" decoding=\"async\" aria-describedby=\"caption-attachment-300481\" class=\"size-large wp-image-300481\" src=\"http:\/\/www.diarioimagen.net\/wp-content\/uploads\/2016\/11\/HUIXQUILUCAN-3005-460x370.jpg\" alt=\"El alcalde Jorge Ad\u00e1n Barr\u00f3n Elizalde atiende de manera personal las inquietudes y necesidades m\u00e1s apremiantes de la ciudadan\u00eda.\" width=\"460\" height=\"370\" srcset=\"https:\/\/www.diarioimagen.net\/wp-content\/uploads\/2016\/11\/HUIXQUILUCAN-3005-460x370.jpg 460w, https:\/\/www.diarioimagen.net\/wp-content\/uploads\/2016\/11\/HUIXQUILUCAN-3005-240x193.jpg 240w, https:\/\/www.diarioimagen.net\/wp-content\/uploads\/2016\/11\/HUIXQUILUCAN-3005.jpg 700w\" sizes=\"auto, (max-width: 460px) 100vw, 460px\" \/><\/a><p id=\"caption-attachment-300481\" class=\"wp-caption-text\">El alcalde Jorge Ad\u00e1n Barr\u00f3n Elizalde atiende de manera personal las inquietudes y necesidades m\u00e1s apremiantes de la ciudadan\u00eda.<\/p><\/div>\n<p>&nbsp;<\/p>\n<p><strong>Huixquilucan, Estado de M\u00e9xico.- <\/strong>Al colocar la primera piedra de la alberca p\u00fablica de ense\u00f1anza en la comunidad Constituyentes de 1917, el presidente municipal, Enrique Vargas del Villar, recalc\u00f3 que estas instalaciones permitir\u00e1n elevar la calidad de vida\u00a0 de los habitantes de m\u00e1s de diez comunidades de la zona popular parte baja, obra que se sumar\u00e1 a otro proyecto similar en la colonia San Fernando y la pr\u00f3xima\u00a0\u00a0inauguraci\u00f3n de la alberca semi ol\u00edmpica en Cabecera Municipal.<\/p>\n","protected":false},"excerpt":{"rendered":"<p>Al colocar la primera piedra de la alberca p\u00fablica de ense\u00f1anza<\/p>\n","protected":false},"author":3,"featured_media":300481,"comment_status":"open","ping_status":"open","sticky":false,"template":"","format":"standard","meta":{"_monsterinsights_skip_tracking":false,"_monsterinsights_sitenote_active":false,"_monsterinsights_sitenote_note":"","_monsterinsights_sitenote_category":0,"footnotes":""},"categories":[35155],"tags":[43675,1097],"class_list":["post-300397","post","type-post","status-publish","format-standard","has-post-thumbnail","hentry","category-estado-de-mexico-estado-de-mexico","tag-estado-de-mexico","tag-huixquilucan"],"_links":{"self":[{"href":"https:\/\/www.diarioimagen.net\/index.php?rest_route=\/wp\/v2\/posts\/300397","targetHints":{"allow":["GET"]}}],"collection":[{"href":"https:\/\/www.diarioimagen.net\/index.php?rest_route=\/wp\/v2\/posts"}],"about":[{"href":"https:\/\/www.diarioimagen.net\/index.php?rest_route=\/wp\/v2\/types\/post"}],"author":[{"embeddable":true,"href":"https:\/\/www.diarioimagen.net\/index.php?rest_route=\/wp\/v2\/users\/3"}],"replies":[{"embeddable":true,"href":"https:\/\/www.diarioimagen.net\/index.php?rest_route=%2Fwp%2Fv2%2Fcomments&post=300397"}],"version-history":[{"count":0,"href":"https:\/\/www.diarioimagen.net\/index.php?rest_route=\/wp\/v2\/posts\/300397\/revisions"}],"wp:featuredmedia":[{"embeddable":true,"href":"https:\/\/www.diarioimagen.net\/index.php?rest_route=\/wp\/v2\/media\/300481"}],"wp:attachment":[{"href":"https:\/\/www.diarioimagen.net\/index.php?rest_route=%2Fwp%2Fv2%2Fmedia&parent=300397"}],"wp:term":[{"taxonomy":"category","embeddable":true,"href":"https:\/\/www.diarioimagen.net\/index.php?rest_route=%2Fwp%2Fv2%2Fcategories&post=300397"},{"taxonomy":"post_tag","embeddable":true,"href":"https:\/\/www.diarioimagen.net\/index.php?rest_route=%2Fwp%2Fv2%2Ftags&post=300397"}],"curies":[{"name":"wp","href":"https:\/\/api.w.org\/{rel}","templated":true}]}}