{"id":300401,"date":"2016-11-25T00:04:44","date_gmt":"2016-11-25T06:04:44","guid":{"rendered":"http:\/\/www.diarioimagen.net\/?p=300401"},"modified":"2016-11-25T05:26:10","modified_gmt":"2016-11-25T11:26:10","slug":"contribuyen-al-desarrollo-sustentable-de-la-biosfera-de-la-mariposa-monarca","status":"publish","type":"post","link":"https:\/\/www.diarioimagen.net\/?p=300401","title":{"rendered":"Contribuyen al desarrollo sustentable de la biosfera de la mariposa Monarca"},"content":{"rendered":"<ul>\n<li><strong><em>Asiste Cruz Roa a la apertura de la temporada 2016-2017<\/em><\/strong><\/li>\n<\/ul>\n<p>&nbsp;<\/p>\n<div id=\"attachment_300487\" style=\"width: 470px\" class=\"wp-caption aligncenter\"><a href=\"http:\/\/www.diarioimagen.net\/?attachment_id=300487\" rel=\"attachment wp-att-300487\"><img loading=\"lazy\" decoding=\"async\" aria-describedby=\"caption-attachment-300487\" class=\"size-large wp-image-300487\" src=\"http:\/\/www.diarioimagen.net\/wp-content\/uploads\/2016\/11\/LEGISLATURA-3005-460x259.jpg\" alt=\"El diputado Cruz Roa, con los secretarios de Turismo, Rosalinda Ben\u00edtez, y del Medio Ambiente, Ra\u00fal Vargas, anunciaron el inicio de la temporada 2016-2017 de la Mariposa Monarca.\" width=\"460\" height=\"259\" srcset=\"https:\/\/www.diarioimagen.net\/wp-content\/uploads\/2016\/11\/LEGISLATURA-3005-460x259.jpg 460w, https:\/\/www.diarioimagen.net\/wp-content\/uploads\/2016\/11\/LEGISLATURA-3005-240x135.jpg 240w, https:\/\/www.diarioimagen.net\/wp-content\/uploads\/2016\/11\/LEGISLATURA-3005-235x132.jpg 235w, https:\/\/www.diarioimagen.net\/wp-content\/uploads\/2016\/11\/LEGISLATURA-3005-202x114.jpg 202w, https:\/\/www.diarioimagen.net\/wp-content\/uploads\/2016\/11\/LEGISLATURA-3005-350x196.jpg 350w, https:\/\/www.diarioimagen.net\/wp-content\/uploads\/2016\/11\/LEGISLATURA-3005-220x123.jpg 220w, https:\/\/www.diarioimagen.net\/wp-content\/uploads\/2016\/11\/LEGISLATURA-3005-237x132.jpg 237w, https:\/\/www.diarioimagen.net\/wp-content\/uploads\/2016\/11\/LEGISLATURA-3005.jpg 480w\" sizes=\"auto, (max-width: 460px) 100vw, 460px\" \/><\/a><p id=\"caption-attachment-300487\" class=\"wp-caption-text\">El diputado Cruz Roa, con los secretarios de Turismo, Rosalinda Ben\u00edtez, y del Medio Ambiente, Ra\u00fal Vargas, anunciaron el inicio de la temporada 2016-2017 de la Mariposa Monarca.<\/p><\/div>\n<p>&nbsp;<\/p>\n<p>El diputado Cruz Roa S\u00e1nchez acudi\u00f3, con los secretarios de Turismo, Rosalinda Ben\u00edtez Gonz\u00e1lez, y del Medio Ambiente, Ra\u00fal Vargas Herrera, a la apertura de la temporada 2016-2017 de la Mariposa Monarca, cuyo proyecto de sustentabilidad recibir\u00e1 durante el pr\u00f3ximo a\u00f1o recursos adicionales por 5.62 millones de pesos, de acuerdo con el Paquete Fiscal aprobado por la 59 Legislatura mexiquense.<\/p>\n<p>A invitaci\u00f3n de la secretaria de Turismo, el tambi\u00e9n representante del VIII distrito electoral local, con sede en Sultepec, entreg\u00f3 al alcalde de este municipio, No\u00e9 Barrueta Bar\u00f3n, un proyecto ejecutivo para la continuaci\u00f3n de un sendero en la reserva \u201cSantuario Piedra Herrada\u201d, donde se realiz\u00f3 este anuncio y fue inaugurado un auditorio audiovisual sustentable.<\/p>\n<p>Acompa\u00f1ados por la diputada federal Iveth Bernal Casique y los presidentes municipales de Donato Guerra, Lucio Vidal Garc\u00eda, y de Valle de Bravo, Mauricio Osorio Dom\u00ednguez, tambi\u00e9n otorgaron chalecos para el personal que cuida de estos espacios, y explicaron que en el auditorio se proyectar\u00e1 una producci\u00f3n audiovisual para ampliar la informaci\u00f3n que se proporciona a los visitantes.<\/p>\n<p>La secretaria Rosalinda Ben\u00edtez detall\u00f3 que, de 2013 a la fecha, el Gobierno del Estado de M\u00e9xico ha invertido 10 millones de pesos para rehabilitar y mejorar el acceso a los santuarios que se encuentran en territorio mexiquense.<\/p>\n<p>Resalt\u00f3 que la presencia del representante popular \u201ces de suma importancia, pues demuestra la preocupaci\u00f3n de la Legislatura por coadyuvar a preservar el medio ambiente de nuestra entidad\u201d, mientras que Ra\u00fal Vargas destac\u00f3 que gran parte de los actuales programas de protecci\u00f3n al medio ambiente fueron iniciados cuando Cruz Roa estuvo al frente de esta dependencia del gobierno estatal.<\/p>\n<p>Cabe se\u00f1alar que la propuesta para fortalecer el proyecto de sustentabilidad de la Mariposa Monarca en la entidad fue formulada por el diputado Gerardo Pliego Santana (PAN) durante el an\u00e1lisis del Paquete Fiscal en comisiones y en las reuniones de los grupos parlamentarios con personal de la Secretar\u00eda de Finanzas.<\/p>\n<p>&nbsp;<\/p>\n","protected":false},"excerpt":{"rendered":"<p>El diputado Cruz Roa S\u00e1nchez acudi\u00f3, con los secretarios de Turismo, Rosalinda Ben\u00edtez Gonz\u00e1lez, y del Medio Ambiente, Ra\u00fal Vargas Herrera, a la apertura de la temporada 2016-2017 de la Mariposa Monarca, cuyo proyecto de sustentabilidad recibir\u00e1 durante el pr\u00f3ximo a\u00f1o recursos adicionales por 5.62 millones de pesos, de acuerdo con el Paquete Fiscal aprobado por la 59 Legislatura mexiquense.<\/p>\n","protected":false},"author":3,"featured_media":300487,"comment_status":"open","ping_status":"open","sticky":false,"template":"","format":"standard","meta":{"_monsterinsights_skip_tracking":false,"_monsterinsights_sitenote_active":false,"_monsterinsights_sitenote_note":"","_monsterinsights_sitenote_category":0,"footnotes":""},"categories":[35155],"tags":[47615],"class_list":["post-300401","post","type-post","status-publish","format-standard","has-post-thumbnail","hentry","category-estado-de-mexico-estado-de-mexico","tag-monarca"],"_links":{"self":[{"href":"https:\/\/www.diarioimagen.net\/index.php?rest_route=\/wp\/v2\/posts\/300401","targetHints":{"allow":["GET"]}}],"collection":[{"href":"https:\/\/www.diarioimagen.net\/index.php?rest_route=\/wp\/v2\/posts"}],"about":[{"href":"https:\/\/www.diarioimagen.net\/index.php?rest_route=\/wp\/v2\/types\/post"}],"author":[{"embeddable":true,"href":"https:\/\/www.diarioimagen.net\/index.php?rest_route=\/wp\/v2\/users\/3"}],"replies":[{"embeddable":true,"href":"https:\/\/www.diarioimagen.net\/index.php?rest_route=%2Fwp%2Fv2%2Fcomments&post=300401"}],"version-history":[{"count":0,"href":"https:\/\/www.diarioimagen.net\/index.php?rest_route=\/wp\/v2\/posts\/300401\/revisions"}],"wp:featuredmedia":[{"embeddable":true,"href":"https:\/\/www.diarioimagen.net\/index.php?rest_route=\/wp\/v2\/media\/300487"}],"wp:attachment":[{"href":"https:\/\/www.diarioimagen.net\/index.php?rest_route=%2Fwp%2Fv2%2Fmedia&parent=300401"}],"wp:term":[{"taxonomy":"category","embeddable":true,"href":"https:\/\/www.diarioimagen.net\/index.php?rest_route=%2Fwp%2Fv2%2Fcategories&post=300401"},{"taxonomy":"post_tag","embeddable":true,"href":"https:\/\/www.diarioimagen.net\/index.php?rest_route=%2Fwp%2Fv2%2Ftags&post=300401"}],"curies":[{"name":"wp","href":"https:\/\/api.w.org\/{rel}","templated":true}]}}