{"id":300403,"date":"2016-11-25T00:01:27","date_gmt":"2016-11-25T06:01:27","guid":{"rendered":"http:\/\/www.diarioimagen.net\/?p=300403"},"modified":"2016-11-25T05:36:06","modified_gmt":"2016-11-25T11:36:06","slug":"cancun-y-amresorts-seleccionados-por-wingo-para-su-vuelo-inaugural-con-apoyo-de-la-embajada-de-mexico-en-colombia-y-el-cptm","status":"publish","type":"post","link":"https:\/\/www.diarioimagen.net\/?p=300403","title":{"rendered":"Canc\u00fan y <em>AMResorts<\/em> seleccionados por <em>Wingo<\/em> para su vuelo inaugural con apoyo de la embajada de M\u00e9xico en Colombia y el CPTM"},"content":{"rendered":"<h2>De cinco estrellas<\/h2>\n<h5>Victoria Gonz\u00e1lez Prado<\/h5>\n<p><strong>\u00a0<\/strong><\/p>\n<ul>\n<li><strong><em>Panam\u00e1 Hits<\/em>, es el nuevo canal a bordo de <em>Copa Airlines<\/em> con el que lleva a lo m\u00e1s alto y lejos el talento y cultura paname\u00f1a<\/strong><\/li>\n<\/ul>\n<p>&nbsp;<\/p>\n<div id=\"attachment_300502\" style=\"width: 470px\" class=\"wp-caption aligncenter\"><a href=\"http:\/\/www.diarioimagen.net\/?attachment_id=300502\" rel=\"attachment wp-att-300502\"><img loading=\"lazy\" decoding=\"async\" aria-describedby=\"caption-attachment-300502\" class=\"size-large wp-image-300502\" src=\"http:\/\/www.diarioimagen.net\/wp-content\/uploads\/2016\/11\/turismo-3005-460x259.jpg\" alt=\"Gonzalo del Pe\u00f3n.\" width=\"460\" height=\"259\" srcset=\"https:\/\/www.diarioimagen.net\/wp-content\/uploads\/2016\/11\/turismo-3005-460x259.jpg 460w, https:\/\/www.diarioimagen.net\/wp-content\/uploads\/2016\/11\/turismo-3005-240x135.jpg 240w, https:\/\/www.diarioimagen.net\/wp-content\/uploads\/2016\/11\/turismo-3005-235x132.jpg 235w, https:\/\/www.diarioimagen.net\/wp-content\/uploads\/2016\/11\/turismo-3005-202x114.jpg 202w, https:\/\/www.diarioimagen.net\/wp-content\/uploads\/2016\/11\/turismo-3005-350x196.jpg 350w, https:\/\/www.diarioimagen.net\/wp-content\/uploads\/2016\/11\/turismo-3005-220x123.jpg 220w, https:\/\/www.diarioimagen.net\/wp-content\/uploads\/2016\/11\/turismo-3005-237x132.jpg 237w, https:\/\/www.diarioimagen.net\/wp-content\/uploads\/2016\/11\/turismo-3005.jpg 480w\" sizes=\"auto, (max-width: 460px) 100vw, 460px\" \/><\/a><p id=\"caption-attachment-300502\" class=\"wp-caption-text\">Gonzalo del Pe\u00f3n.<\/p><\/div>\n<p>&nbsp;<\/p>\n<p>Tras el reciente anuncio de la llegada de <em>Wingo<\/em> a Colombia, la aerol\u00ednea da a conocer que el destino de su vuelo inaugural ser\u00e1 a Canc\u00fan, Quintana Roo, M\u00e9xico.<\/p>\n<p><strong>Catalina Bret\u00f3n<\/strong>, l\u00edder general de <em>Wingo<\/em> dijo, \u201cnos emociona presentar a Canc\u00fan como el destino escogido para nuestro vuelo inaugural. Gracias a los invaluables esfuerzos de la Embajada y del Consejo de Promoci\u00f3n Tur\u00edstica de M\u00e9xico, as\u00ed como de <em>AMResorts,<\/em> llevaremos a nuestros primeros pasajeros a este paradisiaco destino tur\u00edstico para que descubran su lado <em>Wingo\u201d<\/em>.<\/p>\n<p>De acuerdo con cifras de la Asociaci\u00f3n Colombiana de Agencias de Viajes y Turismo (Anato), M\u00e9xico se encuentra dentro de los tres destinos internacionales m\u00e1s visitados, cuyas proyecciones indican que para 2016 se recibir\u00e1n 490,000 colombianos.<\/p>\n<p>Y es que M\u00e9xico ofrece una amplia variedad de opciones tur\u00edsticas para diferentes tipos de viajeros de todo el mundo, desde las mejores playas del Caribe, pasando por ciudades cosmopolitas, hasta construcciones y edificaciones que permiten dar un vistazo al pasado e incluso a los cimientos de la civilizaci\u00f3n occidental.<\/p>\n<p>\u201cEl turismo es uno de los ejes clave de la econom\u00eda de nuestro pa\u00eds. De enero a septiembre de este a\u00f1o hemos recibido m\u00e1s de 25 millones de turistas internacionales, los cuales han generado un gasto de 14 mil millones de d\u00f3lares. El anuncio de nuevos vuelos y alianzas como esta que iniciamos con <em>Wingo,<\/em> nos permitir\u00e1 continuar con la tendencia. Queremos que con <em>Wingo<\/em> Vivan M\u00e9xico para Creerlo\u201d, asegur\u00f3 el embajador de M\u00e9xico en Colombia, <strong>Arnulfo Valdivia Machuca<\/strong>.<\/p>\n<p>Con este anuncio y gracias a la alianza, la l\u00ednea a\u00e9rea espera promover una estrecha relaci\u00f3n que les permita llevar a m\u00e1s colombianos a conocer o redescubrir M\u00e9xico, as\u00ed como a fomentar el turismo mexicano hacia Colombia, promoviendo as\u00ed el turismo entre ambos pa\u00edses.<\/p>\n<p><strong>Gonzalo del Pe\u00f3n<\/strong>, presidente de <em>AMResorts, <\/em>asegur\u00f3 \u201cnos complace asociarnos con la aerol\u00ednea para su vuelo inaugural. El innovador enfoque de <em>AMResorts <\/em>al concepto todo incluido, ofrecido mediante nuestras seis marcas de hoteles de lujo, en Canc\u00fan y Riviera Maya, incluyendo <em>Zoetry Wellness &amp; Spa Resorts, Secrets, Breathless, Dreams, Now y Sunscape<\/em> <em>Resort &amp; Spa <\/em>nos ha permitido entregar productos y servicios excepcionales a una amplia variedad de viajeros por m\u00e1s de una d\u00e9cada. Nos emociona que m\u00e1s viajeros tengan f\u00e1cil acceso a todo lo que M\u00e9xico ofrece en materia tur\u00edstica\u201d.<\/p>\n<p>\u2730\u2730\u2730\u2730\u2730 <em>Panam\u00e1 Hits<\/em>, es el nuevo canal a bordo de <em>Copa Airlines<\/em> con el que lleva a lo m\u00e1s alto y lejos el talento y cultura paname\u00f1a, fortaleciendo el posicionamiento internacional del pa\u00eds como destino tur\u00edstico por excelencia, en esta ocasi\u00f3n a partir de la m\u00fasica, reuniendo canciones y videos de algunos de los artistas nacionales m\u00e1s emblem\u00e1ticos del pa\u00eds.<\/p>\n<p>En relaci\u00f3n a este nuevo canal a bordo, <strong>Marco Ocando<\/strong>, director Sr. de Mercadeo de <em>Copa Airlines<\/em> indic\u00f3 que \u201ccomo empresa multinacional paname\u00f1a, poner en marcha este importante proyecto es motivo de gran orgullo, pues permite que los pasajeros que viajan desde y hacia nuestros 70 destinos, conozcan que Panam\u00e1 es un pa\u00eds que cuenta con artistas de talla mundial y se disfruten los temas musicales con los que por a\u00f1os exponentes nacionales nos han deleitado\u201d.<\/p>\n<p>El canal, que estar\u00e1 disponible a partir de diciembre en sus aviones <em>737-800 Premium<\/em> con pantalla de entretenimiento individual, posee una selecci\u00f3n exclusiva de m\u00fasica, reuniendo obras de talentos destacados de la industria musical a nivel nacional e internacional como <strong>Rub\u00e9n Blades<\/strong>, <strong>Danilo P\u00e9rez<\/strong>, <strong>Los Gaitanes<\/strong>, <strong>Omar Alfannoy<\/strong>,<strong> Erika Ender<\/strong>, entre otros significativos cantantes e int\u00e9rpretes paname\u00f1os.<\/p>\n<p>Con esta innovadora acci\u00f3n, diariamente m\u00e1s de 35,000 pasajeros a bordo podr\u00e1n disfrutar de ritmos nacionales mientras se trasladan a su destino, contribuyendo, de esa manera a elevar el posicionamiento internacional del pa\u00eds y la valoraci\u00f3n de nuestra cultura.<\/p>\n<p><strong>Rub\u00e9n Blades<\/strong>, cantautor paname\u00f1o reconocido como uno de los m\u00e1ximos exponentes hist\u00f3ricos de la salsa indic\u00f3, \u201cpara nosotros, los artistas nacionales, es muy importante que empresas de talla mundial como <em>Copa Airlines<\/em> apoyen e impulsen la cultura paname\u00f1a, elevando el perfil art\u00edstico de nuestro Panam\u00e1 en todo el mundo\u201d.<\/p>\n<p>Igualmente, <strong>Omar Alfanno<\/strong>, galardonado como uno de los m\u00e1s grandes compositores latinoamericanos de la historia y\u00a0miembro del Sal\u00f3n de la Fama, destac\u00f3:<\/p>\n<p>\u201cCon esta grandiosa iniciativa la l\u00ednea a\u00e9rea nos brinda la oportunidad de mostrarle al mundo nuestra m\u00fasica por medio de los grandes artistas y compositores paname\u00f1os. Solo resta decir: Gracias <em>Copa,<\/em> por llevar nuestro arte por todo lo alto\u201d.<\/p>\n<p>Panam\u00e1 ya es reconocida mundialmente como un <em>Hub<\/em> log\u00edstico, comercial y tur\u00edstico por excelencia. En este sentido <em>Panam\u00e1 Hits <\/em>se consolida como un pilar fundamental que suma esfuerzos para continuar posicionando al pa\u00eds tambi\u00e9n como un <em>Hub<\/em> cultural y musical de calidad mundial.<\/p>\n<p>Inicialmente, a partir del mes de diciembre, <em>Panam\u00e1 Hits <\/em>contar\u00e1 con 14 \u00e1lbumes de m\u00fasica, nueve videos musicales y dos conciertos en vivo, convirti\u00e9ndose en una plataforma \u00fanica en el pa\u00eds y altamente potente para la exposici\u00f3n de la cultural y talento nacional. A su vez, <em>Panam\u00e1 Hits<\/em>, ser\u00e1 actualizado peri\u00f3dicamente para incorporar \u00e9xitos de m\u00e1s artistas paname\u00f1os de relevancia o proyecci\u00f3n internacional, permitiendo la exhibici\u00f3n de la diversidad cultural e influencia musical del pa\u00eds.<\/p>\n<p>La aerol\u00ednea de bandera paname\u00f1a comprometida con el apoyo al arte y la cultura, continuar\u00e1 creando escenarios e implementando acciones que sirvan de apoyo y proyecci\u00f3n para artistas nacionales y, a partir de ah\u00ed, permitiendo que m\u00e1s extranjeros puedan deleitarse con las diferentes manifestaciones y expresiones del arte y la cultura que ofrece Panam\u00e1.<\/p>\n<p><em><a href=\"mailto:victoriagprado@gmail.com\" target=\"_blank\">victoriagprado@gmail.com<\/a><\/em><br \/>\n<em> Twitter: <a href=\"https:\/\/twitter.com\/victoriagprado\" target=\"_blank\">@victoriagprado<\/a><\/em><\/p>\n<p>&nbsp;<\/p>\n","protected":false},"excerpt":{"rendered":"<p>Tras el reciente anuncio de la llegada de Wingo a Colombia, la aerol\u00ednea da a conocer que el destino de su vuelo inaugural ser\u00e1 a Canc\u00fan, Quintana Roo, M\u00e9xico.<\/p>\n","protected":false},"author":3,"featured_media":300502,"comment_status":"open","ping_status":"open","sticky":false,"template":"","format":"standard","meta":{"_monsterinsights_skip_tracking":false,"_monsterinsights_sitenote_active":false,"_monsterinsights_sitenote_note":"","_monsterinsights_sitenote_category":0,"footnotes":""},"categories":[11],"tags":[107,43674,106],"class_list":["post-300403","post","type-post","status-publish","format-standard","has-post-thumbnail","hentry","category-turismo","tag-de-cinco-estrellas","tag-opinion","tag-victoria-gonzalez-prado"],"_links":{"self":[{"href":"https:\/\/www.diarioimagen.net\/index.php?rest_route=\/wp\/v2\/posts\/300403","targetHints":{"allow":["GET"]}}],"collection":[{"href":"https:\/\/www.diarioimagen.net\/index.php?rest_route=\/wp\/v2\/posts"}],"about":[{"href":"https:\/\/www.diarioimagen.net\/index.php?rest_route=\/wp\/v2\/types\/post"}],"author":[{"embeddable":true,"href":"https:\/\/www.diarioimagen.net\/index.php?rest_route=\/wp\/v2\/users\/3"}],"replies":[{"embeddable":true,"href":"https:\/\/www.diarioimagen.net\/index.php?rest_route=%2Fwp%2Fv2%2Fcomments&post=300403"}],"version-history":[{"count":0,"href":"https:\/\/www.diarioimagen.net\/index.php?rest_route=\/wp\/v2\/posts\/300403\/revisions"}],"wp:featuredmedia":[{"embeddable":true,"href":"https:\/\/www.diarioimagen.net\/index.php?rest_route=\/wp\/v2\/media\/300502"}],"wp:attachment":[{"href":"https:\/\/www.diarioimagen.net\/index.php?rest_route=%2Fwp%2Fv2%2Fmedia&parent=300403"}],"wp:term":[{"taxonomy":"category","embeddable":true,"href":"https:\/\/www.diarioimagen.net\/index.php?rest_route=%2Fwp%2Fv2%2Fcategories&post=300403"},{"taxonomy":"post_tag","embeddable":true,"href":"https:\/\/www.diarioimagen.net\/index.php?rest_route=%2Fwp%2Fv2%2Ftags&post=300403"}],"curies":[{"name":"wp","href":"https:\/\/api.w.org\/{rel}","templated":true}]}}